{"id":8978,"date":"2024-05-11T19:00:00","date_gmt":"2024-05-11T17:00:00","guid":{"rendered":"https:\/\/zupasvnikolakc.hr\/?p=8978"},"modified":"2024-05-11T08:45:55","modified_gmt":"2024-05-11T06:45:55","slug":"7-uskrsna-nedjelja-4","status":"publish","type":"post","link":"https:\/\/zupasvnikolakc.hr\/?p=8978","title":{"rendered":"7. uskrsna nedjelja"},"content":{"rendered":"\t\t<div data-elementor-type=\"wp-post\" data-elementor-id=\"8978\" class=\"elementor elementor-8978\" data-elementor-post-type=\"post\">\n\t\t\t\t\t\t<section class=\"elementor-section elementor-top-section elementor-element elementor-element-ed0df2b elementor-section-boxed elementor-section-height-default elementor-section-height-default\" data-id=\"ed0df2b\" data-element_type=\"section\" data-e-type=\"section\">\n\t\t\t\t\t\t<div class=\"elementor-container elementor-column-gap-default\">\n\t\t\t\t\t<div class=\"elementor-column elementor-col-100 elementor-top-column elementor-element elementor-element-7a5e298\" data-id=\"7a5e298\" data-element_type=\"column\" data-e-type=\"column\">\n\t\t\t<div class=\"elementor-widget-wrap elementor-element-populated\">\n\t\t\t\t\t\t<div class=\"elementor-element elementor-element-a09d5e7 elementor-widget elementor-widget-text-editor\" data-id=\"a09d5e7\" data-element_type=\"widget\" data-e-type=\"widget\" data-widget_type=\"text-editor.default\">\n\t\t\t\t<div class=\"elementor-widget-container\">\n\t\t\t\t\t\t\t\t\t<p><span style=\"color: #000000;\">Dragi vjernici, nalazimo se u devetnici Duhova i u liturgijskom i\u0161\u010dekivanju dolaska Duha Svetoga. U zajedni\u0161tvu smo i postojanoj molitvi u dvorani posljednje ve\u010dere s Marijom, apostolima i onih sto dvadeset du\u0161a koji su izabrali Matiju na Judino mjesto, a o \u010demu nam je progovorilo prvo \u010ditanje iz Djela apostolskih. S njima se prisje\u0107amo dijelova Isusovog opro\u0161tajnog govora, njegove veliko sve\u0107eni\u010dke molitve, koju je uzdignutih o\u010diju prema nebu molio u istoj toj dvorani neposredno prije svojeg odlaska u muku i smrt. Molio je Oca dvije stvari. Molio ga je da one koji su njegovi sa\u010duva u svom imenu te da ih posveti u istini. Molio je to za u\u010denike u dvorani. Molio je to i za Crkvu koja se ra\u0111ala i koja, makar jo\u0161 nije imala puninu darova Duha Svetoga, donosi svoje prve odluke. Molio je za na\u0161e krizmanike koji su ju\u010der primili darove Duha Svetoga, molio je za na\u0161e prvopri\u010desnike koji su pro\u0161le nedjelje po prvi puta primili Isusa u posve\u0107enoj hostiji u svoje srce, molio je i za njihove roditelji da ne posustanu u obe\u0107anjima koja su dali Bogu na njihovom kr\u0161tenju, molio je i za sve nas da ustrajemo na putu vjere i molimo jedni za druge da ostanemo povezani u Isusu. Biti sa\u010duvani u O\u010devom imenu, zna\u010di biti jedno s Isusom i po Isusu s Ocem. Zna\u010di uklju\u010diti se u ono jedinstvo koje postoji izme\u0111u Oca i Sina. Molitvi za o\u010duvanje jedinstva s njim i Ocem, Isus dodaje molitvu Ocu da nas posveti u istini. Isusova molitva Ocu da nas Otac sa\u010duva u svom imenu i posveti u istini je istovremeno njegov poziv na svetost upu\u0107en u\u010denicima, onima u dvorani posljednje ve\u010dere, ali i svima nama koji smo na njihovu rije\u010d povjerovali u njega i po kr\u0161tenju se uklju\u010dili u ono jedinstvo koje postoji izme\u0111u njega i Oca. Poziv na svetost nije i ne smije biti bijeg od svijeta. Mole\u0107i Oca da nas sa\u010duva u svom imenu i posveti u istini, Isus moli da u izvr\u0161avanju te svoje zada\u0107e odolimo napasti postati od svijeta i budemo sposobni u svijetu \u017eivjeti onako kako je on \u017eivio u svijetu, trude\u0107i se uvijek te\u017eiti u ovom svijetu k vje\u010dnosti.<\/span><\/p>\t\t\t\t\t\t\t\t<\/div>\n\t\t\t\t<\/div>\n\t\t\t\t<div class=\"elementor-element elementor-element-286bad0 elementor-widget elementor-widget-text-editor\" data-id=\"286bad0\" data-element_type=\"widget\" data-e-type=\"widget\" data-widget_type=\"text-editor.default\">\n\t\t\t\t<div class=\"elementor-widget-container\">\n\t\t\t\t\t\t\t\t\t<p><span style=\"color: #ff0000;\"><strong>\u017dUPNE OBAVIJESTI<\/strong><\/span><\/p><p><span style=\"color: #000000;\"><strong>VJEN\u010cANJE:<\/strong><\/span><\/p><ul><li><span style=\"color: #000000;\">Dino Ivi\u0107 i Mirna Markovi\u0107 \u2013 subota (18.5.2024.) u 16 h<\/span><\/li><\/ul><p><span style=\"color: #000000;\"><strong>KR\u0160TENJE:<\/strong><\/span><\/p><ul><li><span style=\"color: #000000;\">Nik Filipovi\u0107 &#8211; subota (18.5.2024.) u 12 h<\/span><\/li><\/ul><p><a href=\"https:\/\/zupasvnikolakc.hr\/wp-content\/uploads\/2024\/05\/7.-uskrsna-listic-2024.pdf\" target=\"_blank\" rel=\"noopener\"><span style=\"color: #ff0000;\">\u017dUPNI LISTI\u0106<\/span><\/a><\/p>\t\t\t\t\t\t\t\t<\/div>\n\t\t\t\t<\/div>\n\t\t\t\t<div class=\"elementor-element elementor-element-4f59569 elementor-widget elementor-widget-text-editor\" data-id=\"4f59569\" data-element_type=\"widget\" data-e-type=\"widget\" data-widget_type=\"text-editor.default\">\n\t\t\t\t<div class=\"elementor-widget-container\">\n\t\t\t\t\t\t\t\t\t<p><span style=\"color: #000000;\"><strong>DAROVATELJI ZA POTREBE CRKVE<\/strong><\/span><\/p><ol><li><span style=\"color: #000000;\">Katica Vrbo\u0161i\u0107, I. Me\u0161trovi\u0107a 28<\/span><\/li><li><span style=\"color: #000000;\">Dar jedne osobe<\/span><\/li><li><span style=\"color: #000000;\">Obit. Seku\u0161ak, M. P. Mi\u0161kine 53<\/span><\/li><li><span style=\"color: #000000;\">Ljubica Vrban, M. P. Mi\u0161kine 46 A<\/span><\/li><li><span style=\"color: #000000;\">Obit. \u0160vabek, M. P. Mi\u0161kine 31<\/span><\/li><li><span style=\"color: #000000;\">Dar jedne obitelji<\/span><\/li><li><span style=\"color: #000000;\">Maja Husnjak, A. Star\u010devi\u0107a 2<\/span><\/li><li><span style=\"color: #000000;\">Micika Patr\u010devi\u0107, Hrv. dr\u017eavnosti 11 D<\/span><\/li><li><span style=\"color: #000000;\">Obit. Novogradec, V. Vo\u0161ickog 15<\/span><\/li><li><span style=\"color: #000000;\">Obit. Ru\u017ei\u0107, Lj. Gaja 62, Hlebine<\/span><\/li><li><span style=\"color: #000000;\">Obit. \u0160ajatovi\u0107, Kri\u017eeva\u010dka 31 B<\/span><\/li><li><span style=\"color: #000000;\">Obit. \u010cehok, Pavelinska 2<\/span><\/li><li><span style=\"color: #000000;\">Obit. \u0160imuni\u0107, \u010carda 39<\/span><\/li><li><span style=\"color: #000000;\">Obit. Pu\u017e, D. Banovec 24<\/span><\/li><li><span style=\"color: #000000;\">Obit. So\u010dev, M. P. Mi\u0161kine 34 B<\/span><\/li><li><span style=\"color: #000000;\">Obit. Markota, Lj. Gaja 4<\/span><\/li><li><span style=\"color: #000000;\">Obit. Femec, F. Galovi\u0107a 16 A<\/span><\/li><li><span style=\"color: #000000;\">Obit. Genc, F. Galovi\u0107a 17<\/span><\/li><li><span style=\"color: #000000;\">Obit. Sa\u010der, Hrv. dr\u017eavnosti 25<\/span><\/li><li><span style=\"color: #000000;\">Obit. Genc, Peteranska c 33<\/span><\/li><li><span style=\"color: #000000;\">Dar jedne obitelji<\/span><\/li><li><span style=\"color: #000000;\">Milica Buhin, Trg kr. Zvonimira 6<\/span><\/li><li><span style=\"color: #000000;\">Obit. Lon\u010dari\u0107, Marofska 2 B, Here\u0161in<\/span><\/li><li><span style=\"color: #000000;\">Vjekoslava Kukec, M. P. Mi\u0161kine 60 A<\/span><\/li><li><span style=\"color: #000000;\">Obit. Bezi\u0107, Hercegova\u0107ka 11, Zagreb<\/span><\/li><li><span style=\"color: #000000;\">Obit. \u0160kvorc, D. Banovec 43<\/span><\/li><li><span style=\"color: #000000;\">Obit. Koprek i Zale\u0161ak, N. Tesle 20<\/span><\/li><li><span style=\"color: #000000;\">Obit. \u0160ijak, \u010carda 60 C<\/span><\/li><li><span style=\"color: #000000;\">Darko Kedmenec, Trg kr. Tomislava 7<\/span><\/li><li><span style=\"color: #000000;\">Anica Ku\u010dan, Duga ul. 24<\/span><\/li><li><span style=\"color: #000000;\">Obit. \u0160vaco, A. Star\u010devi\u0107a 22<\/span><\/li><li><span style=\"color: #000000;\">Obit. Morina, Trg Podrav. heroja 8<\/span><\/li><li><span style=\"color: #000000;\">Obit. Franjo, G. Banovec 12<\/span><\/li><li><span style=\"color: #000000;\">Obit. Vukoni\u0107, I. Me\u0161trovi\u0107a 18 B<\/span><\/li><li><span style=\"color: #000000;\">Obit. Gregur, Miklinovec 111<\/span><\/li><\/ol>\t\t\t\t\t\t\t\t<\/div>\n\t\t\t\t<\/div>\n\t\t\t\t\t<\/div>\n\t\t<\/div>\n\t\t\t\t\t<\/div>\n\t\t<\/section>\n\t\t\t\t<\/div>\n\t\t","protected":false},"excerpt":{"rendered":"<p>Dragi vjernici, nalazimo se u devetnici Duhova i u liturgijskom i\u0161\u010dekivanju dolaska Duha Svetoga. U zajedni\u0161tvu smo i postojanoj molitvi u dvorani posljednje ve\u010dere s Marijom, apostolima i onih sto dvadeset du\u0161a koji su izabrali Matiju na Judino mjesto, a o \u010demu nam je progovorilo prvo \u010ditanje iz Djela apostolskih. S njima se prisje\u0107amo dijelova [&hellip;]<\/p>\n","protected":false},"author":1,"featured_media":8979,"comment_status":"closed","ping_status":"closed","sticky":false,"template":"","format":"standard","meta":{"ocean_post_layout":"","ocean_both_sidebars_style":"","ocean_both_sidebars_content_width":0,"ocean_both_sidebars_sidebars_width":0,"ocean_sidebar":"","ocean_second_sidebar":"","ocean_disable_margins":"enable","ocean_add_body_class":"","ocean_shortcode_before_top_bar":"","ocean_shortcode_after_top_bar":"","ocean_shortcode_before_header":"","ocean_shortcode_after_header":"","ocean_has_shortcode":"","ocean_shortcode_after_title":"","ocean_shortcode_before_footer_widgets":"","ocean_shortcode_after_footer_widgets":"","ocean_shortcode_before_footer_bottom":"","ocean_shortcode_after_footer_bottom":"","ocean_display_top_bar":"default","ocean_display_header":"default","ocean_header_style":"","ocean_center_header_left_menu":"","ocean_custom_header_template":"","ocean_custom_logo":0,"ocean_custom_retina_logo":0,"ocean_custom_logo_max_width":0,"ocean_custom_logo_tablet_max_width":0,"ocean_custom_logo_mobile_max_width":0,"ocean_custom_logo_max_height":0,"ocean_custom_logo_tablet_max_height":0,"ocean_custom_logo_mobile_max_height":0,"ocean_header_custom_menu":"","ocean_menu_typo_font_family":"","ocean_menu_typo_font_subset":"","ocean_menu_typo_font_size":0,"ocean_menu_typo_font_size_tablet":0,"ocean_menu_typo_font_size_mobile":0,"ocean_menu_typo_font_size_unit":"px","ocean_menu_typo_font_weight":"","ocean_menu_typo_font_weight_tablet":"","ocean_menu_typo_font_weight_mobile":"","ocean_menu_typo_transform":"","ocean_menu_typo_transform_tablet":"","ocean_menu_typo_transform_mobile":"","ocean_menu_typo_line_height":0,"ocean_menu_typo_line_height_tablet":0,"ocean_menu_typo_line_height_mobile":0,"ocean_menu_typo_line_height_unit":"","ocean_menu_typo_spacing":0,"ocean_menu_typo_spacing_tablet":0,"ocean_menu_typo_spacing_mobile":0,"ocean_menu_typo_spacing_unit":"","ocean_menu_link_color":"","ocean_menu_link_color_hover":"","ocean_menu_link_color_active":"","ocean_menu_link_background":"","ocean_menu_link_hover_background":"","ocean_menu_link_active_background":"","ocean_menu_social_links_bg":"","ocean_menu_social_hover_links_bg":"","ocean_menu_social_links_color":"","ocean_menu_social_hover_links_color":"","ocean_disable_title":"default","ocean_disable_heading":"default","ocean_post_title":"","ocean_post_subheading":"","ocean_post_title_style":"","ocean_post_title_background_color":"","ocean_post_title_background":0,"ocean_post_title_bg_image_position":"","ocean_post_title_bg_image_attachment":"","ocean_post_title_bg_image_repeat":"","ocean_post_title_bg_image_size":"","ocean_post_title_height":0,"ocean_post_title_bg_overlay":0.5,"ocean_post_title_bg_overlay_color":"","ocean_disable_breadcrumbs":"default","ocean_breadcrumbs_color":"","ocean_breadcrumbs_separator_color":"","ocean_breadcrumbs_links_color":"","ocean_breadcrumbs_links_hover_color":"","ocean_display_footer_widgets":"default","ocean_display_footer_bottom":"default","ocean_custom_footer_template":"","ocean_post_oembed":"","ocean_post_self_hosted_media":"","ocean_post_video_embed":"","ocean_link_format":"","ocean_link_format_target":"self","ocean_quote_format":"","ocean_quote_format_link":"post","ocean_gallery_link_images":"on","ocean_gallery_id":[],"footnotes":""},"categories":[16],"tags":[],"class_list":["post-8978","post","type-post","status-publish","format-standard","has-post-thumbnail","hentry","category-vijesti","entry","has-media"],"views":586,"_links":{"self":[{"href":"https:\/\/zupasvnikolakc.hr\/index.php?rest_route=\/wp\/v2\/posts\/8978","targetHints":{"allow":["GET"]}}],"collection":[{"href":"https:\/\/zupasvnikolakc.hr\/index.php?rest_route=\/wp\/v2\/posts"}],"about":[{"href":"https:\/\/zupasvnikolakc.hr\/index.php?rest_route=\/wp\/v2\/types\/post"}],"author":[{"embeddable":true,"href":"https:\/\/zupasvnikolakc.hr\/index.php?rest_route=\/wp\/v2\/users\/1"}],"replies":[{"embeddable":true,"href":"https:\/\/zupasvnikolakc.hr\/index.php?rest_route=%2Fwp%2Fv2%2Fcomments&post=8978"}],"version-history":[{"count":7,"href":"https:\/\/zupasvnikolakc.hr\/index.php?rest_route=\/wp\/v2\/posts\/8978\/revisions"}],"predecessor-version":[{"id":8987,"href":"https:\/\/zupasvnikolakc.hr\/index.php?rest_route=\/wp\/v2\/posts\/8978\/revisions\/8987"}],"wp:featuredmedia":[{"embeddable":true,"href":"https:\/\/zupasvnikolakc.hr\/index.php?rest_route=\/wp\/v2\/media\/8979"}],"wp:attachment":[{"href":"https:\/\/zupasvnikolakc.hr\/index.php?rest_route=%2Fwp%2Fv2%2Fmedia&parent=8978"}],"wp:term":[{"taxonomy":"category","embeddable":true,"href":"https:\/\/zupasvnikolakc.hr\/index.php?rest_route=%2Fwp%2Fv2%2Fcategories&post=8978"},{"taxonomy":"post_tag","embeddable":true,"href":"https:\/\/zupasvnikolakc.hr\/index.php?rest_route=%2Fwp%2Fv2%2Ftags&post=8978"}],"curies":[{"name":"wp","href":"https:\/\/api.w.org\/{rel}","templated":true}]}}