{"id":9118,"date":"2024-06-15T19:00:00","date_gmt":"2024-06-15T17:00:00","guid":{"rendered":"https:\/\/zupasvnikolakc.hr\/?p=9118"},"modified":"2024-06-13T15:23:52","modified_gmt":"2024-06-13T13:23:52","slug":"11-nedjelja-kroz-godinu-4","status":"publish","type":"post","link":"https:\/\/zupasvnikolakc.hr\/?p=9118","title":{"rendered":"11. nedjelja kroz godinu"},"content":{"rendered":"\t\t<div data-elementor-type=\"wp-post\" data-elementor-id=\"9118\" class=\"elementor elementor-9118\" data-elementor-post-type=\"post\">\n\t\t\t\t\t\t<section class=\"elementor-section elementor-top-section elementor-element elementor-element-c9d68fb elementor-section-boxed elementor-section-height-default elementor-section-height-default\" data-id=\"c9d68fb\" data-element_type=\"section\" data-e-type=\"section\">\n\t\t\t\t\t\t<div class=\"elementor-container elementor-column-gap-default\">\n\t\t\t\t\t<div class=\"elementor-column elementor-col-100 elementor-top-column elementor-element elementor-element-d9c7c60\" data-id=\"d9c7c60\" data-element_type=\"column\" data-e-type=\"column\">\n\t\t\t<div class=\"elementor-widget-wrap elementor-element-populated\">\n\t\t\t\t\t\t<div class=\"elementor-element elementor-element-5781de3 elementor-widget elementor-widget-text-editor\" data-id=\"5781de3\" data-element_type=\"widget\" data-e-type=\"widget\" data-widget_type=\"text-editor.default\">\n\t\t\t\t<div class=\"elementor-widget-container\">\n\t\t\t\t\t\t\t\t\t<p><span style=\"color: #000000;\">Lijepo je uvijek iznova primijetiti kako se Isus koristi slikama iz svakodnevnog \u017eivota po kojima \u017eeli pribli\u017eiti Rije\u010d Bo\u017eju, ne samo svojim suvremenicima nego i svima nama. U dana\u0161njem evan\u0111elju to \u010dini kroz dvije slike. Prva slika je slika sjemena ba\u010denog u zemlju \u010diji rast ne ovisi o sija\u010du. Dobro nam je poznata ova slika. Ratar sije sjeme jer znade da \u0107e to sjeme u zemlji proklijati, zatim izniknuti u malenu zelenu stabljiku, polako rasti i razvijati listove, zatim i klas, pa onda zrna u klasu, sve dok zrenjem svoju zelenu boju ne promjeni u zlatnu i postane spremno za \u017eetvu. Druga slika je svojom porukom usko povezana s prvom slikom. Slika je to goru\u0161i\u010dinog zrna posijanog u zemlju. U trenutku sijanja to je sjeme manje od svega drugog sjemena na zemlji, ali posijano naraste i postane ve\u0107e od svega povr\u0107a tako da se u njemu ptice gnijezde. Tako je i s kraljevstvom Bo\u017ejim. Njegova veli\u010dina se ne smije promatrati u trenutku sijanja, nego u vrijeme dozrijevanja. Kr\u0161\u0107anima se u preno\u0161enju logike Bo\u017ejeg kraljevstva nije lako uspore\u0111ivati s drugim ponudama. Dugoro\u010dno je stvarnost druga\u010dija. Ono \u0161to je na po\u010detku izgledalo malo i bezna\u010dajno, postane veliko kad je u pitanju osmi\u0161ljavanje na\u0161eg osobnog \u017eivota i davanja smisla \u017eivotu uop\u0107e. Iz obiju prispodoba zra\u010di Isusov neobi\u010dni optimizam. On vjeruje u uspjeh onoga \u0161to \u010dini! Uvjeren je da sjeme posijane rije\u010di Bo\u017eje ima snagu nadi\u0107i sve prepreke, makar je jedna od njih i kri\u017e! Taj Isusov optimizam u skladu je s Ezekielovim proro\u010danstvom u kojemu u odlomljenoj gran\u010dici posa\u0111enoj na visokoj gori mo\u017eemo prepoznati kri\u017e na kojemu \u0107e biti zasijano sjeme koje \u0107e donijeti dobru \u017eetvu i zrno goru\u0161i\u010dino tako razgranato da se u njemu mogu nastaniti i ptice nebeske. Crkva se kroz dvije tisu\u0107e godina od one male gran\u010dice i malenog po\u010detnog goru\u0161i\u010dina zrna koje je izraslo iz Isusovog groba i vjere u njegovo uskrsnu\u0107e, razgranala u veli\u010danstveno stablo i pro\u0161irila diljem svijeta i me\u0111u svim narodima. To \u0161to smo postali veliki, pa nam se \u010dini da smo kraljevstvo Bo\u017eje, \u010desto nas zaslijepi i ne vidimo da ne \u017eivimo vjeru u skladu s Isusovom vjerom i njegovim navje\u0161tajem Kraljevstva Bo\u017ejeg. Da bismo to popravili trebamo svakog dana iznova osvje\u0161\u0107ivati si da smo mi to malo goru\u0161i\u010dino zrno iz kojega treba rasti vjera u Isusovo kraljevstvo i \u0161iriti se na ljude oko nas. To \u0107e nam itekako pomo\u0107i da budemo ponizni, da budemo malene gran\u010dice, zrna goru\u0161ice, kraljevstva Bo\u017ejega, strpljivo i zauzeto rade\u0107i na stvaranju preduvjeta velikom kraljevstvu Bo\u017ejem, kako bi ono moglo biti vidljivo ve\u0107 sada i ovdje po na\u0161im djelima ljubavi spram na\u0161ih bli\u017enjih.<\/span><\/p>\t\t\t\t\t\t\t\t<\/div>\n\t\t\t\t<\/div>\n\t\t\t\t<div class=\"elementor-element elementor-element-039ef6b elementor-widget elementor-widget-text-editor\" data-id=\"039ef6b\" data-element_type=\"widget\" data-e-type=\"widget\" data-widget_type=\"text-editor.default\">\n\t\t\t\t<div class=\"elementor-widget-container\">\n\t\t\t\t\t\t\t\t\t<p><span style=\"color: #ff0000;\"><strong>\u017dUPNE OBAVIJESTI<\/strong><\/span><\/p><p><span style=\"color: #000000;\"><strong>VJEN\u010cANJE:<\/strong><\/span><\/p><ul><li><span style=\"color: #000000;\">Mario Brunec i Ana Trnini\u0107 &#8211; petak (21.6.2024.) u 17 h<\/span><\/li><li><span style=\"color: #000000;\">Gabrijel Ma\u0111eri\u0107 i Karla Saboli\u0107 &#8211; subota (22.6.2024.) u 16 h<\/span><\/li><\/ul><p><span style=\"color: #000000;\"><strong>KR\u0160TENJE:<\/strong><\/span><\/p><ul><li><span style=\"color: #000000;\">Teo Brunec &#8211; petak (21.6.2024.) u 17 h<\/span><\/li><li><span style=\"color: #000000;\">Hana Logar Pavli\u0107 &#8211; petak (21.6.2024.) u 18 h<\/span><\/li><li><span style=\"color: #000000;\">Martin Papac &#8211; subota (22.6.2024.) u 11 h<\/span><\/li><\/ul><p><a href=\"https:\/\/zupasvnikolakc.hr\/wp-content\/uploads\/2024\/06\/11.N.KG-LISTIC-2024.pdf\" target=\"_blank\" rel=\"noopener\"><span style=\"color: #ff0000;\">\u017dUPNI LISTI\u0106<\/span><\/a><\/p>\t\t\t\t\t\t\t\t<\/div>\n\t\t\t\t<\/div>\n\t\t\t\t\t<\/div>\n\t\t<\/div>\n\t\t\t\t\t<\/div>\n\t\t<\/section>\n\t\t\t\t<\/div>\n\t\t","protected":false},"excerpt":{"rendered":"<p>Lijepo je uvijek iznova primijetiti kako se Isus koristi slikama iz svakodnevnog \u017eivota po kojima \u017eeli pribli\u017eiti Rije\u010d Bo\u017eju, ne samo svojim suvremenicima nego i svima nama. U dana\u0161njem evan\u0111elju to \u010dini kroz dvije slike. Prva slika je slika sjemena ba\u010denog u zemlju \u010diji rast ne ovisi o sija\u010du. Dobro nam je poznata ova slika. [&hellip;]<\/p>\n","protected":false},"author":1,"featured_media":9119,"comment_status":"open","ping_status":"open","sticky":false,"template":"","format":"standard","meta":{"ocean_post_layout":"","ocean_both_sidebars_style":"","ocean_both_sidebars_content_width":0,"ocean_both_sidebars_sidebars_width":0,"ocean_sidebar":"","ocean_second_sidebar":"","ocean_disable_margins":"enable","ocean_add_body_class":"","ocean_shortcode_before_top_bar":"","ocean_shortcode_after_top_bar":"","ocean_shortcode_before_header":"","ocean_shortcode_after_header":"","ocean_has_shortcode":"","ocean_shortcode_after_title":"","ocean_shortcode_before_footer_widgets":"","ocean_shortcode_after_footer_widgets":"","ocean_shortcode_before_footer_bottom":"","ocean_shortcode_after_footer_bottom":"","ocean_display_top_bar":"default","ocean_display_header":"default","ocean_header_style":"","ocean_center_header_left_menu":"","ocean_custom_header_template":"","ocean_custom_logo":0,"ocean_custom_retina_logo":0,"ocean_custom_logo_max_width":0,"ocean_custom_logo_tablet_max_width":0,"ocean_custom_logo_mobile_max_width":0,"ocean_custom_logo_max_height":0,"ocean_custom_logo_tablet_max_height":0,"ocean_custom_logo_mobile_max_height":0,"ocean_header_custom_menu":"","ocean_menu_typo_font_family":"","ocean_menu_typo_font_subset":"","ocean_menu_typo_font_size":0,"ocean_menu_typo_font_size_tablet":0,"ocean_menu_typo_font_size_mobile":0,"ocean_menu_typo_font_size_unit":"px","ocean_menu_typo_font_weight":"","ocean_menu_typo_font_weight_tablet":"","ocean_menu_typo_font_weight_mobile":"","ocean_menu_typo_transform":"","ocean_menu_typo_transform_tablet":"","ocean_menu_typo_transform_mobile":"","ocean_menu_typo_line_height":0,"ocean_menu_typo_line_height_tablet":0,"ocean_menu_typo_line_height_mobile":0,"ocean_menu_typo_line_height_unit":"","ocean_menu_typo_spacing":0,"ocean_menu_typo_spacing_tablet":0,"ocean_menu_typo_spacing_mobile":0,"ocean_menu_typo_spacing_unit":"","ocean_menu_link_color":"","ocean_menu_link_color_hover":"","ocean_menu_link_color_active":"","ocean_menu_link_background":"","ocean_menu_link_hover_background":"","ocean_menu_link_active_background":"","ocean_menu_social_links_bg":"","ocean_menu_social_hover_links_bg":"","ocean_menu_social_links_color":"","ocean_menu_social_hover_links_color":"","ocean_disable_title":"default","ocean_disable_heading":"default","ocean_post_title":"","ocean_post_subheading":"","ocean_post_title_style":"","ocean_post_title_background_color":"","ocean_post_title_background":0,"ocean_post_title_bg_image_position":"","ocean_post_title_bg_image_attachment":"","ocean_post_title_bg_image_repeat":"","ocean_post_title_bg_image_size":"","ocean_post_title_height":0,"ocean_post_title_bg_overlay":0.5,"ocean_post_title_bg_overlay_color":"","ocean_disable_breadcrumbs":"default","ocean_breadcrumbs_color":"","ocean_breadcrumbs_separator_color":"","ocean_breadcrumbs_links_color":"","ocean_breadcrumbs_links_hover_color":"","ocean_display_footer_widgets":"default","ocean_display_footer_bottom":"default","ocean_custom_footer_template":"","ocean_post_oembed":"","ocean_post_self_hosted_media":"","ocean_post_video_embed":"","ocean_link_format":"","ocean_link_format_target":"self","ocean_quote_format":"","ocean_quote_format_link":"post","ocean_gallery_link_images":"on","ocean_gallery_id":[],"footnotes":""},"categories":[16],"tags":[],"class_list":["post-9118","post","type-post","status-publish","format-standard","has-post-thumbnail","hentry","category-vijesti","entry","has-media"],"views":665,"_links":{"self":[{"href":"https:\/\/zupasvnikolakc.hr\/index.php?rest_route=\/wp\/v2\/posts\/9118","targetHints":{"allow":["GET"]}}],"collection":[{"href":"https:\/\/zupasvnikolakc.hr\/index.php?rest_route=\/wp\/v2\/posts"}],"about":[{"href":"https:\/\/zupasvnikolakc.hr\/index.php?rest_route=\/wp\/v2\/types\/post"}],"author":[{"embeddable":true,"href":"https:\/\/zupasvnikolakc.hr\/index.php?rest_route=\/wp\/v2\/users\/1"}],"replies":[{"embeddable":true,"href":"https:\/\/zupasvnikolakc.hr\/index.php?rest_route=%2Fwp%2Fv2%2Fcomments&post=9118"}],"version-history":[{"count":4,"href":"https:\/\/zupasvnikolakc.hr\/index.php?rest_route=\/wp\/v2\/posts\/9118\/revisions"}],"predecessor-version":[{"id":9124,"href":"https:\/\/zupasvnikolakc.hr\/index.php?rest_route=\/wp\/v2\/posts\/9118\/revisions\/9124"}],"wp:featuredmedia":[{"embeddable":true,"href":"https:\/\/zupasvnikolakc.hr\/index.php?rest_route=\/wp\/v2\/media\/9119"}],"wp:attachment":[{"href":"https:\/\/zupasvnikolakc.hr\/index.php?rest_route=%2Fwp%2Fv2%2Fmedia&parent=9118"}],"wp:term":[{"taxonomy":"category","embeddable":true,"href":"https:\/\/zupasvnikolakc.hr\/index.php?rest_route=%2Fwp%2Fv2%2Fcategories&post=9118"},{"taxonomy":"post_tag","embeddable":true,"href":"https:\/\/zupasvnikolakc.hr\/index.php?rest_route=%2Fwp%2Fv2%2Ftags&post=9118"}],"curies":[{"name":"wp","href":"https:\/\/api.w.org\/{rel}","templated":true}]}}