{"id":9174,"date":"2024-07-06T22:47:11","date_gmt":"2024-07-06T20:47:11","guid":{"rendered":"https:\/\/zupasvnikolakc.hr\/?p=9174"},"modified":"2024-07-06T22:50:13","modified_gmt":"2024-07-06T20:50:13","slug":"14-nedjelja-kroz-godinu-5","status":"publish","type":"post","link":"https:\/\/zupasvnikolakc.hr\/?p=9174","title":{"rendered":"14. nedjelja kroz godinu"},"content":{"rendered":"\t\t<div data-elementor-type=\"wp-post\" data-elementor-id=\"9174\" class=\"elementor elementor-9174\" data-elementor-post-type=\"post\">\n\t\t\t\t\t\t<section class=\"elementor-section elementor-top-section elementor-element elementor-element-dd05946 elementor-section-boxed elementor-section-height-default elementor-section-height-default\" data-id=\"dd05946\" data-element_type=\"section\" data-e-type=\"section\">\n\t\t\t\t\t\t<div class=\"elementor-container elementor-column-gap-default\">\n\t\t\t\t\t<div class=\"elementor-column elementor-col-100 elementor-top-column elementor-element elementor-element-795f067\" data-id=\"795f067\" data-element_type=\"column\" data-e-type=\"column\">\n\t\t\t<div class=\"elementor-widget-wrap elementor-element-populated\">\n\t\t\t\t\t\t<div class=\"elementor-element elementor-element-dad1fcd elementor-widget elementor-widget-text-editor\" data-id=\"dad1fcd\" data-element_type=\"widget\" data-e-type=\"widget\" data-widget_type=\"text-editor.default\">\n\t\t\t\t<div class=\"elementor-widget-container\">\n\t\t\t\t\t\t\t\t\t<p><span style=\"color: #000000;\">Dana\u0161nja nedjelja nam kroz svoja \u010ditanja svjedo\u010di da se nije puno toga promijenilo od proroka Ezekiela, o kojem smo slu\u0161ali u prvom \u010ditanju dana\u0161nje nedjelje, kojega Bog \u0161alje k svom narodu, narodu koji se odmetnuo od Gospodina i nije slu\u0161ao proroke koje mu je Bog slao, ve\u0107 ih je naprotiv ismijavao, progonio, a na\u017ealost nerijetko i kamenovao. Istu sudbinu do\u017eivio je kao \u0161to smo \u010duli u dana\u0161njem evan\u0111elju i sam Isus. Do\u0161av\u0161i u svoj zavi\u010daj u dan subotnji, po obi\u010daju, u\u0161ao je u sinagogu na molitvu i tu je do\u017eivio osudu i podsmjeh od svojih sunarodnjaka. Na po\u010detku Isus ostavlja dubok i sna\u017ean dojam kao \u0161to nam svjedo\u010di evan\u0111elista koji spominje da su ostali prenera\u017eeni njegovim govorom, a onda izlazi na povr\u0161inu sva njihova zlo\u0107a. Nisu mogli vjerovati da je to onaj isti Isus kojega su oni poznavali. Tra\u017ee od njega znake i \u010dudesa, no Isus znaju\u0107i njihovu nevjeru i zlo\u0107u nije mogao u\u010diniti puno \u010dudesa kako nam svjedo\u010di sam evan\u0111elista Marko. Stoga im i Isus govori svoj sud i mi\u0161ljenje o njima: <em>\u201eNije prorok bez \u010dasti doli u svom zavi\u010daju i me\u0111u rodbinom i u svom domu.\u201c<\/em> Umjesto da budu ponosni \u0161to je Bog svojim proro\u010dkim duhom zahvatio jednoga od njih, u\u010dinio ga mudrim propovjednikom koji ljudima navije\u0161ta Bo\u017eju ljubav, obdario \u010dudesnim mo\u0107ima lije\u010denja, umjesto da slave Boga zbog svega toga i da povjeruju, oni su se sabla\u017enjavali o njega. Umjesto da su svoja srca ispunili ponosom i rado\u0161\u0107u, oni su ih ispunili zavi\u0161\u0107u i sumnjama. Pred ponudom milosti zatvorili su se u svoje predrasude, egoizam i nevjeru. Gledali su odve\u0107 ljudskim o\u010dima i nisu mogli vidjeti stvarnost kakva uistinu jest. No ne smijemo misliti da su takvi samo Isusovi sunarodnjaci jer i mi smo na \u017ealost \u010desto puta isti. I mi iako znamo tko je Isus, mi ga tako \u010desto gledamo samo ljudskim o\u010dima. I mi vrlo \u010desto od Isusa u svojem \u017eivotu tra\u017eimo samo \u010dudesa. Te\u0161ko se mirimo s time da zapravo vjera nisu samo Isusova \u010duda, nego njegova Ljubav koju nam je svjedo\u010dio i kroz \u010duda, ali ponajvi\u0161e kroz muku, smrt i uskrsnu\u0107e. Danas nam se valja zaustaviti i dobro promisliti tko je za nas Isus. Je li on za nas samo \u010dudotvorac koji nam treba kada nam zagusti u \u017eivotu ili je On Sin Bo\u017eji koji nas je otkupio i spasio za vje\u010dni \u017eivot?<\/span><\/p>\t\t\t\t\t\t\t\t<\/div>\n\t\t\t\t<\/div>\n\t\t\t\t<div class=\"elementor-element elementor-element-9f5fdc9 elementor-widget elementor-widget-text-editor\" data-id=\"9f5fdc9\" data-element_type=\"widget\" data-e-type=\"widget\" data-widget_type=\"text-editor.default\">\n\t\t\t\t<div class=\"elementor-widget-container\">\n\t\t\t\t\t\t\t\t\t<p><span style=\"color: #ff0000;\"><strong>\u017dUPNE OBAVIJESTI<\/strong><\/span><\/p><p><span style=\"color: #000000;\"><strong>KR\u0160TENJE:<\/strong><\/span><\/p><ul><li><span style=\"color: #000000;\">Toma Saboli\u0107 &#8211; petak (12.7.2024.) u 17 h<\/span><\/li><\/ul><p><span style=\"color: #000000;\"><strong>VJEN\u010cANJE:<\/strong><\/span><\/p><ul><li><span style=\"color: #000000;\">Nikola Saboli\u0107 i Nikolina \u0160emper &#8211; petak (12.7.2024.) u 17 h<\/span><\/li><\/ul><p><a href=\"https:\/\/zupasvnikolakc.hr\/wp-content\/uploads\/2024\/07\/14.n.k.g-listic-2024.pdf\"><span style=\"color: #ff0000;\">\u017dUPNI LISTI\u0106<\/span><\/a><\/p>\t\t\t\t\t\t\t\t<\/div>\n\t\t\t\t<\/div>\n\t\t\t\t<div class=\"elementor-element elementor-element-bfffee8 elementor-widget elementor-widget-text-editor\" data-id=\"bfffee8\" data-element_type=\"widget\" data-e-type=\"widget\" data-widget_type=\"text-editor.default\">\n\t\t\t\t<div class=\"elementor-widget-container\">\n\t\t\t\t\t\t\t\t\t<p><span style=\"color: #000000;\"><strong>DAROVATELJI ZA POTREBE CRKVE<\/strong><\/span><\/p><ol><li><span style=\"color: #000000;\">Zlatko Mesari\u0107, Trg Podrav. heroja 6<\/span><\/li><li><span style=\"color: #000000;\">Josip Furdi\u0107, Trg kr. Tomislava 3<\/span><\/li><li><span style=\"color: #000000;\">\u0110uro Glavica, Kolodvorska 7<\/span><\/li><li><span style=\"color: #000000;\">Obit. Megla, \u0160enova 15, Zagreb<\/span><\/li><li><span style=\"color: #000000;\">Katarina Rak, Trg kr. Tomislava 9<\/span><\/li><li><span style=\"color: #000000;\">Obit. \u0160imuni\u0107, Kolodvorska 7<\/span><\/li><li><span style=\"color: #000000;\">Obit. Erne\u010di\u0107, Trg Slobode 2<\/span><\/li><li><span style=\"color: #000000;\">Obit. \u0160imi\u0107, Podravska 20<\/span><\/li><li><span style=\"color: #000000;\">Obit. Gan\u017euli\u0107, \u010carda 59 A<\/span><\/li><li><span style=\"color: #000000;\">Obit. Baran, A. G. Mato\u0161a 6<\/span><\/li><li><span style=\"color: #000000;\">Dar jedne osobe<\/span><\/li><li><span style=\"color: #000000;\">Sanja Krapinec, M. P. Mi\u0161kine 2<\/span><\/li><li><span style=\"color: #000000;\">Nikola Gregur, Br. Radi\u0107 27 A<\/span><\/li><li><span style=\"color: #000000;\">\u0110ur\u0111ica Jagarinec, Trg Podrav. heroja 6<\/span><\/li><li><span style=\"color: #000000;\">Obit. Dragani\u0107, Podravska 29<\/span><\/li><li><span style=\"color: #000000;\">Dar jedne osobe<\/span><\/li><li><span style=\"color: #000000;\">Katica Vrbo\u0161i\u0107, I. Me\u0161trovi\u0107a 28<\/span><\/li><li><span style=\"color: #000000;\">Ljiljana Zagrajski, Dubove\u010dki breg 16<\/span><\/li><li><span style=\"color: #000000;\">Obit. Novak, Br. Radi\u0107 19<\/span><\/li><li><span style=\"color: #000000;\">Katarina Ivani\u0161, Podravska 11<\/span><\/li><li><span style=\"color: #000000;\">Vlado Kova\u010di\u0107, Oru\u017eanska 7 A<\/span><\/li><li><span style=\"color: #000000;\">Obit. Pavli\u0107, Adan\u010deva 3, Brckovljani<\/span><\/li><li><span style=\"color: #000000;\">Marijan \u0160imota, Kr. Tomislava 8, Peteranec<\/span><\/li><li><span style=\"color: #000000;\">Obit. Kontak, Savi\u0107 Vinica 29<\/span><\/li><li><span style=\"color: #000000;\">Matija Jagar, Trnovec 17, N. Podravski<\/span><\/li><li><span style=\"color: #000000;\">Obit. \u010cehok, Pavelinska 2<\/span><\/li><li><span style=\"color: #000000;\">Obit. Kobor i Kova\u010d, Br. Radi\u0107 77<\/span><\/li><li><span style=\"color: #000000;\">Obit. Vukalovi\u0107, M. P. Mi\u0161kine 50<\/span><\/li><li><span style=\"color: #000000;\">Obit. Flajs, Kri\u017eeva\u010dka 26<\/span><\/li><li><span style=\"color: #000000;\">Obit. Markota, Lj. Gaja 4<\/span><\/li><li><span style=\"color: #000000;\">Zlata Benoti\u0107, Prav. me\u0111u narodima 7<\/span><\/li><li><span style=\"color: #000000;\">Valentina Trnski, Trg kr. Tomislava 4<\/span><\/li><li><span style=\"color: #000000;\">Lidija Mikulec, Trg kr. Kre\u0161imira 7<\/span><\/li><li><span style=\"color: #000000;\">Snje\u017eana Bo\u017ei\u0107, F. Ga\u017eija 17<\/span><\/li><li><span style=\"color: #000000;\">Obit. Ferlinde\u0161, Tome Bla\u017eeka 1<\/span><\/li><li><span style=\"color: #000000;\">Obit. Nemec, Ledinska 34<\/span><\/li><li><span style=\"color: #000000;\">Obit. Dolenec, Ivanjska 8<\/span><\/li><li><span style=\"color: #000000;\">Obit. Potro\u0161ko, F. Galovi\u0107a 22 A<\/span><\/li><li><span style=\"color: #000000;\">Obit. Kru\u0161elj, Kri\u017eeva\u010dka 24 A<\/span><\/li><\/ol>\t\t\t\t\t\t\t\t<\/div>\n\t\t\t\t<\/div>\n\t\t\t\t\t<\/div>\n\t\t<\/div>\n\t\t\t\t\t<\/div>\n\t\t<\/section>\n\t\t\t\t<\/div>\n\t\t","protected":false},"excerpt":{"rendered":"<p>Dana\u0161nja nedjelja nam kroz svoja \u010ditanja svjedo\u010di da se nije puno toga promijenilo od proroka Ezekiela, o kojem smo slu\u0161ali u prvom \u010ditanju dana\u0161nje nedjelje, kojega Bog \u0161alje k svom narodu, narodu koji se odmetnuo od Gospodina i nije slu\u0161ao proroke koje mu je Bog slao, ve\u0107 ih je naprotiv ismijavao, progonio, a na\u017ealost nerijetko [&hellip;]<\/p>\n","protected":false},"author":1,"featured_media":9175,"comment_status":"closed","ping_status":"closed","sticky":false,"template":"","format":"standard","meta":{"ocean_post_layout":"","ocean_both_sidebars_style":"","ocean_both_sidebars_content_width":0,"ocean_both_sidebars_sidebars_width":0,"ocean_sidebar":"","ocean_second_sidebar":"","ocean_disable_margins":"enable","ocean_add_body_class":"","ocean_shortcode_before_top_bar":"","ocean_shortcode_after_top_bar":"","ocean_shortcode_before_header":"","ocean_shortcode_after_header":"","ocean_has_shortcode":"","ocean_shortcode_after_title":"","ocean_shortcode_before_footer_widgets":"","ocean_shortcode_after_footer_widgets":"","ocean_shortcode_before_footer_bottom":"","ocean_shortcode_after_footer_bottom":"","ocean_display_top_bar":"default","ocean_display_header":"default","ocean_header_style":"","ocean_center_header_left_menu":"","ocean_custom_header_template":"","ocean_custom_logo":0,"ocean_custom_retina_logo":0,"ocean_custom_logo_max_width":0,"ocean_custom_logo_tablet_max_width":0,"ocean_custom_logo_mobile_max_width":0,"ocean_custom_logo_max_height":0,"ocean_custom_logo_tablet_max_height":0,"ocean_custom_logo_mobile_max_height":0,"ocean_header_custom_menu":"","ocean_menu_typo_font_family":"","ocean_menu_typo_font_subset":"","ocean_menu_typo_font_size":0,"ocean_menu_typo_font_size_tablet":0,"ocean_menu_typo_font_size_mobile":0,"ocean_menu_typo_font_size_unit":"px","ocean_menu_typo_font_weight":"","ocean_menu_typo_font_weight_tablet":"","ocean_menu_typo_font_weight_mobile":"","ocean_menu_typo_transform":"","ocean_menu_typo_transform_tablet":"","ocean_menu_typo_transform_mobile":"","ocean_menu_typo_line_height":0,"ocean_menu_typo_line_height_tablet":0,"ocean_menu_typo_line_height_mobile":0,"ocean_menu_typo_line_height_unit":"","ocean_menu_typo_spacing":0,"ocean_menu_typo_spacing_tablet":0,"ocean_menu_typo_spacing_mobile":0,"ocean_menu_typo_spacing_unit":"","ocean_menu_link_color":"","ocean_menu_link_color_hover":"","ocean_menu_link_color_active":"","ocean_menu_link_background":"","ocean_menu_link_hover_background":"","ocean_menu_link_active_background":"","ocean_menu_social_links_bg":"","ocean_menu_social_hover_links_bg":"","ocean_menu_social_links_color":"","ocean_menu_social_hover_links_color":"","ocean_disable_title":"default","ocean_disable_heading":"default","ocean_post_title":"","ocean_post_subheading":"","ocean_post_title_style":"","ocean_post_title_background_color":"","ocean_post_title_background":0,"ocean_post_title_bg_image_position":"","ocean_post_title_bg_image_attachment":"","ocean_post_title_bg_image_repeat":"","ocean_post_title_bg_image_size":"","ocean_post_title_height":0,"ocean_post_title_bg_overlay":0.5,"ocean_post_title_bg_overlay_color":"","ocean_disable_breadcrumbs":"default","ocean_breadcrumbs_color":"","ocean_breadcrumbs_separator_color":"","ocean_breadcrumbs_links_color":"","ocean_breadcrumbs_links_hover_color":"","ocean_display_footer_widgets":"default","ocean_display_footer_bottom":"default","ocean_custom_footer_template":"","ocean_post_oembed":"","ocean_post_self_hosted_media":"","ocean_post_video_embed":"","ocean_link_format":"","ocean_link_format_target":"self","ocean_quote_format":"","ocean_quote_format_link":"post","ocean_gallery_link_images":"on","ocean_gallery_id":[],"footnotes":""},"categories":[16],"tags":[],"class_list":["post-9174","post","type-post","status-publish","format-standard","has-post-thumbnail","hentry","category-vijesti","entry","has-media"],"views":692,"_links":{"self":[{"href":"https:\/\/zupasvnikolakc.hr\/index.php?rest_route=\/wp\/v2\/posts\/9174","targetHints":{"allow":["GET"]}}],"collection":[{"href":"https:\/\/zupasvnikolakc.hr\/index.php?rest_route=\/wp\/v2\/posts"}],"about":[{"href":"https:\/\/zupasvnikolakc.hr\/index.php?rest_route=\/wp\/v2\/types\/post"}],"author":[{"embeddable":true,"href":"https:\/\/zupasvnikolakc.hr\/index.php?rest_route=\/wp\/v2\/users\/1"}],"replies":[{"embeddable":true,"href":"https:\/\/zupasvnikolakc.hr\/index.php?rest_route=%2Fwp%2Fv2%2Fcomments&post=9174"}],"version-history":[{"count":4,"href":"https:\/\/zupasvnikolakc.hr\/index.php?rest_route=\/wp\/v2\/posts\/9174\/revisions"}],"predecessor-version":[{"id":9179,"href":"https:\/\/zupasvnikolakc.hr\/index.php?rest_route=\/wp\/v2\/posts\/9174\/revisions\/9179"}],"wp:featuredmedia":[{"embeddable":true,"href":"https:\/\/zupasvnikolakc.hr\/index.php?rest_route=\/wp\/v2\/media\/9175"}],"wp:attachment":[{"href":"https:\/\/zupasvnikolakc.hr\/index.php?rest_route=%2Fwp%2Fv2%2Fmedia&parent=9174"}],"wp:term":[{"taxonomy":"category","embeddable":true,"href":"https:\/\/zupasvnikolakc.hr\/index.php?rest_route=%2Fwp%2Fv2%2Fcategories&post=9174"},{"taxonomy":"post_tag","embeddable":true,"href":"https:\/\/zupasvnikolakc.hr\/index.php?rest_route=%2Fwp%2Fv2%2Ftags&post=9174"}],"curies":[{"name":"wp","href":"https:\/\/api.w.org\/{rel}","templated":true}]}}