{"id":9300,"date":"2024-08-20T09:48:12","date_gmt":"2024-08-20T07:48:12","guid":{"rendered":"https:\/\/zupasvnikolakc.hr\/?p=9300"},"modified":"2024-09-03T19:57:22","modified_gmt":"2024-09-03T17:57:22","slug":"proslava-25-godisnjice-braka-ilonke-i-mire-kukeca-18-8-2024","status":"publish","type":"post","link":"https:\/\/zupasvnikolakc.hr\/?p=9300","title":{"rendered":"Proslava 25. godi\u0161njice braka Ilonke i Mire Kukeca, 18.8.2024."},"content":{"rendered":"\t\t<div data-elementor-type=\"wp-post\" data-elementor-id=\"9300\" class=\"elementor elementor-9300\" data-elementor-post-type=\"post\">\n\t\t\t\t\t\t<section class=\"elementor-section elementor-top-section elementor-element elementor-element-10921db elementor-section-boxed elementor-section-height-default elementor-section-height-default\" data-id=\"10921db\" data-element_type=\"section\" data-e-type=\"section\">\n\t\t\t\t\t\t<div class=\"elementor-container elementor-column-gap-default\">\n\t\t\t\t\t<div class=\"elementor-column elementor-col-100 elementor-top-column elementor-element elementor-element-877f56d\" data-id=\"877f56d\" data-element_type=\"column\" data-e-type=\"column\">\n\t\t\t<div class=\"elementor-widget-wrap elementor-element-populated\">\n\t\t\t\t\t\t<div class=\"elementor-element elementor-element-de26cc9 elementor-widget elementor-widget-text-editor\" data-id=\"de26cc9\" data-element_type=\"widget\" data-e-type=\"widget\" data-widget_type=\"text-editor.default\">\n\t\t\t\t<div class=\"elementor-widget-container\">\n\t\t\t\t\t\t\t\t\t<div dir=\"auto\"><span style=\"color: #000000;\">U prisustvu svoje obitelji, prijatelja i prisutnih vjernika, bra\u010dni par Ilonka i Miro, pred oltarom u na\u0161oj \u017eupnoj crkvi, obnovili <\/span><span style=\"color: #000000;\">su<\/span><span style=\"color: #000000;\">\u00a0<\/span><span style=\"color: #000000;\">svoja bra\u010dna obe\u0107anja, srebrni jubilej.<\/span><\/div><div dir=\"auto\"><span style=\"color: #000000;\">Svetu misu je slavio na\u0161 \u017eupnik Tomislav uz stalnog \u0111akona Miljenka Flajsa. Zahvalio im je na hvalevrijednom primjeru koji pru\u017eaju na\u0161oj \u017eupnoj zajednici kao bra\u010dni par i kao aktivni \u010dlanovi u liturgijskom, pastoralnom i ekonomskom vije\u0107u, a osobito Ilonka kao liturgijskli \u010dita\u010d te Miro kao fotograf za na\u0161u web i Facebook stranicu. Tako\u0111er, \u017eupnik im je poru\u010dio da najvi\u0161e trebaju zahvaliti dragom Bogu na toj obljetnici zajedni\u010dkog \u017eivota te dodao kako ih je samo njihova zajedni\u010dka ljubav i vjera u Boga odr\u017eala do danas. Zahvalio im se i na njihovoj obitelji, Petru i Ireni, majkama, sestri, ne\u0107acima, kao i na njihovim prijateljima te im za\u017eelio jo\u0161 puno Bo\u017ejeg blagoslova i darova na njihovom zajedni\u010dkom putu.<\/span><\/div><div dir=\"auto\"><p><div id='gallery-1' class='gallery galleryid-9300 gallery-columns-3 gallery-size-full'><figure class='gallery-item'>\n\t\t\t<div class='gallery-icon landscape'>\n\t\t\t\t<a href='https:\/\/zupasvnikolakc.hr\/wp-content\/uploads\/2024\/08\/Kukec-01.jpg'><img fetchpriority=\"high\" decoding=\"async\" width=\"1000\" height=\"666\" src=\"https:\/\/zupasvnikolakc.hr\/wp-content\/uploads\/2024\/08\/Kukec-01.jpg\" class=\"attachment-full size-full\" alt=\"\" srcset=\"https:\/\/zupasvnikolakc.hr\/wp-content\/uploads\/2024\/08\/Kukec-01.jpg 1000w, https:\/\/zupasvnikolakc.hr\/wp-content\/uploads\/2024\/08\/Kukec-01-300x200.jpg 300w, https:\/\/zupasvnikolakc.hr\/wp-content\/uploads\/2024\/08\/Kukec-01-768x511.jpg 768w\" sizes=\"(max-width: 1000px) 100vw, 1000px\" \/><\/a>\n\t\t\t<\/div><\/figure><figure class='gallery-item'>\n\t\t\t<div class='gallery-icon landscape'>\n\t\t\t\t<a href='https:\/\/zupasvnikolakc.hr\/wp-content\/uploads\/2024\/08\/Kukec-02.jpg'><img decoding=\"async\" width=\"1000\" height=\"666\" src=\"https:\/\/zupasvnikolakc.hr\/wp-content\/uploads\/2024\/08\/Kukec-02.jpg\" class=\"attachment-full size-full\" alt=\"\" srcset=\"https:\/\/zupasvnikolakc.hr\/wp-content\/uploads\/2024\/08\/Kukec-02.jpg 1000w, https:\/\/zupasvnikolakc.hr\/wp-content\/uploads\/2024\/08\/Kukec-02-300x200.jpg 300w, https:\/\/zupasvnikolakc.hr\/wp-content\/uploads\/2024\/08\/Kukec-02-768x511.jpg 768w\" sizes=\"(max-width: 1000px) 100vw, 1000px\" \/><\/a>\n\t\t\t<\/div><\/figure><figure class='gallery-item'>\n\t\t\t<div class='gallery-icon landscape'>\n\t\t\t\t<a href='https:\/\/zupasvnikolakc.hr\/wp-content\/uploads\/2024\/08\/Kukec-03.jpg'><img decoding=\"async\" width=\"1000\" height=\"666\" src=\"https:\/\/zupasvnikolakc.hr\/wp-content\/uploads\/2024\/08\/Kukec-03.jpg\" class=\"attachment-full size-full\" alt=\"\" srcset=\"https:\/\/zupasvnikolakc.hr\/wp-content\/uploads\/2024\/08\/Kukec-03.jpg 1000w, https:\/\/zupasvnikolakc.hr\/wp-content\/uploads\/2024\/08\/Kukec-03-300x200.jpg 300w, https:\/\/zupasvnikolakc.hr\/wp-content\/uploads\/2024\/08\/Kukec-03-768x511.jpg 768w\" sizes=\"(max-width: 1000px) 100vw, 1000px\" \/><\/a>\n\t\t\t<\/div><\/figure><figure class='gallery-item'>\n\t\t\t<div class='gallery-icon portrait'>\n\t\t\t\t<a href='https:\/\/zupasvnikolakc.hr\/wp-content\/uploads\/2024\/08\/Kukec-04.jpg'><img loading=\"lazy\" decoding=\"async\" width=\"666\" height=\"1000\" src=\"https:\/\/zupasvnikolakc.hr\/wp-content\/uploads\/2024\/08\/Kukec-04.jpg\" class=\"attachment-full size-full\" alt=\"\" srcset=\"https:\/\/zupasvnikolakc.hr\/wp-content\/uploads\/2024\/08\/Kukec-04.jpg 666w, https:\/\/zupasvnikolakc.hr\/wp-content\/uploads\/2024\/08\/Kukec-04-200x300.jpg 200w\" sizes=\"(max-width: 666px) 100vw, 666px\" \/><\/a>\n\t\t\t<\/div><\/figure><figure class='gallery-item'>\n\t\t\t<div class='gallery-icon landscape'>\n\t\t\t\t<a href='https:\/\/zupasvnikolakc.hr\/wp-content\/uploads\/2024\/08\/Kukec-05-1.jpg'><img loading=\"lazy\" decoding=\"async\" width=\"1000\" height=\"666\" src=\"https:\/\/zupasvnikolakc.hr\/wp-content\/uploads\/2024\/08\/Kukec-05-1.jpg\" class=\"attachment-full size-full\" alt=\"\" srcset=\"https:\/\/zupasvnikolakc.hr\/wp-content\/uploads\/2024\/08\/Kukec-05-1.jpg 1000w, https:\/\/zupasvnikolakc.hr\/wp-content\/uploads\/2024\/08\/Kukec-05-1-300x200.jpg 300w, https:\/\/zupasvnikolakc.hr\/wp-content\/uploads\/2024\/08\/Kukec-05-1-768x511.jpg 768w\" sizes=\"(max-width: 1000px) 100vw, 1000px\" \/><\/a>\n\t\t\t<\/div><\/figure>\n\t\t<\/div>\n<\/p><\/div>\t\t\t\t\t\t\t\t<\/div>\n\t\t\t\t<\/div>\n\t\t\t\t\t<\/div>\n\t\t<\/div>\n\t\t\t\t\t<\/div>\n\t\t<\/section>\n\t\t\t\t<\/div>\n\t\t","protected":false},"excerpt":{"rendered":"<p>U prisustvu svoje obitelji, prijatelja i prisutnih vjernika, bra\u010dni par Ilonka i Miro, pred oltarom u na\u0161oj \u017eupnoj crkvi, obnovili su\u00a0svoja bra\u010dna obe\u0107anja, srebrni jubilej.Svetu misu je slavio na\u0161 \u017eupnik Tomislav uz stalnog \u0111akona Miljenka Flajsa. Zahvalio im je na hvalevrijednom primjeru koji pru\u017eaju na\u0161oj \u017eupnoj zajednici kao bra\u010dni par i kao aktivni \u010dlanovi u [&hellip;]<\/p>\n","protected":false},"author":1,"featured_media":9301,"comment_status":"closed","ping_status":"closed","sticky":false,"template":"","format":"standard","meta":{"ocean_post_layout":"","ocean_both_sidebars_style":"","ocean_both_sidebars_content_width":0,"ocean_both_sidebars_sidebars_width":0,"ocean_sidebar":"","ocean_second_sidebar":"","ocean_disable_margins":"enable","ocean_add_body_class":"","ocean_shortcode_before_top_bar":"","ocean_shortcode_after_top_bar":"","ocean_shortcode_before_header":"","ocean_shortcode_after_header":"","ocean_has_shortcode":"","ocean_shortcode_after_title":"","ocean_shortcode_before_footer_widgets":"","ocean_shortcode_after_footer_widgets":"","ocean_shortcode_before_footer_bottom":"","ocean_shortcode_after_footer_bottom":"","ocean_display_top_bar":"default","ocean_display_header":"default","ocean_header_style":"","ocean_center_header_left_menu":"","ocean_custom_header_template":"","ocean_custom_logo":0,"ocean_custom_retina_logo":0,"ocean_custom_logo_max_width":0,"ocean_custom_logo_tablet_max_width":0,"ocean_custom_logo_mobile_max_width":0,"ocean_custom_logo_max_height":0,"ocean_custom_logo_tablet_max_height":0,"ocean_custom_logo_mobile_max_height":0,"ocean_header_custom_menu":"","ocean_menu_typo_font_family":"","ocean_menu_typo_font_subset":"","ocean_menu_typo_font_size":0,"ocean_menu_typo_font_size_tablet":0,"ocean_menu_typo_font_size_mobile":0,"ocean_menu_typo_font_size_unit":"px","ocean_menu_typo_font_weight":"","ocean_menu_typo_font_weight_tablet":"","ocean_menu_typo_font_weight_mobile":"","ocean_menu_typo_transform":"","ocean_menu_typo_transform_tablet":"","ocean_menu_typo_transform_mobile":"","ocean_menu_typo_line_height":0,"ocean_menu_typo_line_height_tablet":0,"ocean_menu_typo_line_height_mobile":0,"ocean_menu_typo_line_height_unit":"","ocean_menu_typo_spacing":0,"ocean_menu_typo_spacing_tablet":0,"ocean_menu_typo_spacing_mobile":0,"ocean_menu_typo_spacing_unit":"","ocean_menu_link_color":"","ocean_menu_link_color_hover":"","ocean_menu_link_color_active":"","ocean_menu_link_background":"","ocean_menu_link_hover_background":"","ocean_menu_link_active_background":"","ocean_menu_social_links_bg":"","ocean_menu_social_hover_links_bg":"","ocean_menu_social_links_color":"","ocean_menu_social_hover_links_color":"","ocean_disable_title":"default","ocean_disable_heading":"default","ocean_post_title":"","ocean_post_subheading":"","ocean_post_title_style":"","ocean_post_title_background_color":"","ocean_post_title_background":0,"ocean_post_title_bg_image_position":"","ocean_post_title_bg_image_attachment":"","ocean_post_title_bg_image_repeat":"","ocean_post_title_bg_image_size":"","ocean_post_title_height":0,"ocean_post_title_bg_overlay":0.5,"ocean_post_title_bg_overlay_color":"","ocean_disable_breadcrumbs":"default","ocean_breadcrumbs_color":"","ocean_breadcrumbs_separator_color":"","ocean_breadcrumbs_links_color":"","ocean_breadcrumbs_links_hover_color":"","ocean_display_footer_widgets":"default","ocean_display_footer_bottom":"default","ocean_custom_footer_template":"","ocean_post_oembed":"","ocean_post_self_hosted_media":"","ocean_post_video_embed":"","ocean_link_format":"","ocean_link_format_target":"self","ocean_quote_format":"","ocean_quote_format_link":"post","ocean_gallery_link_images":"on","ocean_gallery_id":[],"footnotes":""},"categories":[16],"tags":[],"class_list":["post-9300","post","type-post","status-publish","format-standard","has-post-thumbnail","hentry","category-vijesti","entry","has-media"],"views":662,"_links":{"self":[{"href":"https:\/\/zupasvnikolakc.hr\/index.php?rest_route=\/wp\/v2\/posts\/9300","targetHints":{"allow":["GET"]}}],"collection":[{"href":"https:\/\/zupasvnikolakc.hr\/index.php?rest_route=\/wp\/v2\/posts"}],"about":[{"href":"https:\/\/zupasvnikolakc.hr\/index.php?rest_route=\/wp\/v2\/types\/post"}],"author":[{"embeddable":true,"href":"https:\/\/zupasvnikolakc.hr\/index.php?rest_route=\/wp\/v2\/users\/1"}],"replies":[{"embeddable":true,"href":"https:\/\/zupasvnikolakc.hr\/index.php?rest_route=%2Fwp%2Fv2%2Fcomments&post=9300"}],"version-history":[{"count":7,"href":"https:\/\/zupasvnikolakc.hr\/index.php?rest_route=\/wp\/v2\/posts\/9300\/revisions"}],"predecessor-version":[{"id":9354,"href":"https:\/\/zupasvnikolakc.hr\/index.php?rest_route=\/wp\/v2\/posts\/9300\/revisions\/9354"}],"wp:featuredmedia":[{"embeddable":true,"href":"https:\/\/zupasvnikolakc.hr\/index.php?rest_route=\/wp\/v2\/media\/9301"}],"wp:attachment":[{"href":"https:\/\/zupasvnikolakc.hr\/index.php?rest_route=%2Fwp%2Fv2%2Fmedia&parent=9300"}],"wp:term":[{"taxonomy":"category","embeddable":true,"href":"https:\/\/zupasvnikolakc.hr\/index.php?rest_route=%2Fwp%2Fv2%2Fcategories&post=9300"},{"taxonomy":"post_tag","embeddable":true,"href":"https:\/\/zupasvnikolakc.hr\/index.php?rest_route=%2Fwp%2Fv2%2Ftags&post=9300"}],"curies":[{"name":"wp","href":"https:\/\/api.w.org\/{rel}","templated":true}]}}