{"id":9400,"date":"2024-09-14T19:00:00","date_gmt":"2024-09-14T17:00:00","guid":{"rendered":"https:\/\/zupasvnikolakc.hr\/?p=9400"},"modified":"2024-09-14T22:25:47","modified_gmt":"2024-09-14T20:25:47","slug":"24-nedjelja-kroz-godinu-5","status":"publish","type":"post","link":"https:\/\/zupasvnikolakc.hr\/?p=9400","title":{"rendered":"24. nedjelja kroz godinu"},"content":{"rendered":"\t\t<div data-elementor-type=\"wp-post\" data-elementor-id=\"9400\" class=\"elementor elementor-9400\" data-elementor-post-type=\"post\">\n\t\t\t\t\t\t<section class=\"elementor-section elementor-top-section elementor-element elementor-element-a70979e elementor-section-boxed elementor-section-height-default elementor-section-height-default\" data-id=\"a70979e\" data-element_type=\"section\" data-e-type=\"section\">\n\t\t\t\t\t\t<div class=\"elementor-container elementor-column-gap-default\">\n\t\t\t\t\t<div class=\"elementor-column elementor-col-100 elementor-top-column elementor-element elementor-element-49fb102\" data-id=\"49fb102\" data-element_type=\"column\" data-e-type=\"column\">\n\t\t\t<div class=\"elementor-widget-wrap elementor-element-populated\">\n\t\t\t\t\t\t<div class=\"elementor-element elementor-element-d2d0665 elementor-widget elementor-widget-text-editor\" data-id=\"d2d0665\" data-element_type=\"widget\" data-e-type=\"widget\" data-widget_type=\"text-editor.default\">\n\t\t\t\t<div class=\"elementor-widget-container\">\n\t\t\t\t\t\t\t\t\t<p><span style=\"color: #000000;\">Dragi vjernici, Isus i nama danas postavlja isto pitanje kao neko\u0107 svojima apostolima: <em>\u201eA vi, \u0161to vi ka\u017eete tko sam ja?\u201c<\/em>. Ako bolje promislimo to pitanje za nas vjernike s jedne strane je te\u0161ko pitanje, ali s druge strane opet rekli bismo lako jer je ve\u0107 Petar dao odgovor umjesto svih nas: <em>\u201eTi si Pomazanik \u2013 Krist!\u201c<\/em> No je li uistinu to i na\u0161 odgovor? Bismo li se i mi slo\u017eili u ono vrijeme, ali i danas s ovim Petrovim odgovorom? Ako je to i na\u0161 odgovor, a vjerujem da bi trebao biti, onda s druge strane je Isusovo pitanje te\u0161ko za nas vjernike, jer Petrov odgovor nije bio samo rije\u010dima nego i djelima kojima je kasnije Petar posvjedo\u010dio svoj odgovor. Odnosno potvrdio je ovaj odgovor svojom krvlju podnijev\u0161i mu\u010deni\u0161tvo za Isusa. Time Petar i nama jasno poru\u010duje da ako uistinu vjerujemo da je Isus Sin Bo\u017eji onda to trebamo i svojim vjerni\u010dkim \u017eivotom svjedo\u010diti, makar zbog toga bili krivo shva\u0107ani i odbacivani od onih koji ne vjeruju. Na\u0161e svjedo\u010danstvo za Isusa ne smije ostati samo unutar crkvenih zidova, nego se ono mora preto\u010diti na sve ljude oko nas. Na to nas jasno poziva i sam apostol Jakov u dana\u0161njem drugom \u010ditanju kada nam govori: <em>\u00ab\u0160to koristi, bra\u0107o moja, ako tko rekne da ima vjeru, a djela nema? Mo\u017ee li ga vjera spasiti? Ako su koji brat ili sestra goli i bez hrane svagdanje pa im tko rekne: &#8216;Hajdete u miru, grijete se i sitite&#8217;, a ne dade im \u0161to je potrebno za tijelo, koja korist? Tako i vjera: ako nema djela, mrtva je u sebi. Ina\u010de, mogao bi tko re\u0107i: &#8216;Ti ima\u0161 vjeru, a ja imam djela. Poka\u017ei mi svoju vjeru bez djela, a ja \u0107u tebi djelima pokazati svoju vjeru&#8217;\u00bb.<\/em> Skloni smo u onima o kojima govori sv. Jakov prepoznati samo siromahe koje susre\u0107emo na na\u0161im ulicama, one koji nemaju osnovno za \u017eivot. No apostol ovdje ne misli samo na njih, nego na svakog \u010dovjeka, osobito onog prema kojem trebamo stalno \u017eivjeti i iskazivati Isusovu ljubav, a to su na\u0161i najbli\u017ei s kojima \u017eivimo ili ih svakodnevno susre\u0107emo bilo na poslu ili van njega. U opasnosti smo da mislimo kako nas Rije\u010d Bo\u017eja poti\u010de samo na materijalno pomaganje, istina ono je itekako potrebno kao \u0161to ka\u017ee apostol Jakov, ali je potrebno pokazati da smo vjernici i Isusovi kroz one malene svakodnevne trenutke pa\u017enje i ljubavi od kojih se, mnogima koji su stari i osamljeni, ili bolesni, \u017eivot sastoji i puno im zna\u010di. Tu zapravo \u017eivimo Jakovljevu molbu svjedo\u010denja vjere kroz djela ljubavi.<\/span><\/p>\t\t\t\t\t\t\t\t<\/div>\n\t\t\t\t<\/div>\n\t\t\t\t<div class=\"elementor-element elementor-element-bff6362 elementor-widget elementor-widget-text-editor\" data-id=\"bff6362\" data-element_type=\"widget\" data-e-type=\"widget\" data-widget_type=\"text-editor.default\">\n\t\t\t\t<div class=\"elementor-widget-container\">\n\t\t\t\t\t\t\t\t\t<p><span style=\"color: #ff0000;\"><strong>\u017dUPNE OBAVIJESTI<\/strong><\/span><\/p><p><strong><span style=\"color: #000000;\">VJERONAUK:<\/span><\/strong><\/p><ul><li><span style=\"color: #000000;\">prvopri\u010desnici \u2013 subota (21.9.2024.) u 9 h u \u017eupnoj dvorani<\/span><\/li><\/ul><p><span style=\"color: #000000;\"><strong>KR\u0160TENJE:<\/strong><\/span><\/p><ul><li><span style=\"color: #000000;\">Kaja Mlinari\u0107 &#8211; subota (21.9.2024.) u 12 h<\/span><\/li><li><span style=\"color: #000000;\">\u0160imun Mate\u0161i\u0107 &#8211; subota (21.9.2024.) u 12 h<\/span><\/li><\/ul><p><span style=\"color: #000000;\"><strong>VJEN\u010cANJE:<\/strong><\/span><\/p><ul><li><span style=\"color: #000000;\">Zoran Gu\u017evi\u0107 i Ena Svetec &#8211; subota (21.9.2024.) u 16 h<\/span><\/li><\/ul><p><span style=\"color: #000000;\"><strong>Upis djece 2. i 7. razreda<\/strong> bit \u0107e u <strong>subotu, 21.9.2024<\/strong>., po sljede\u0107em rasporedu:<\/span><\/p><ul><li><span style=\"color: #000000;\"><strong>2. razred &#8211; 10:00 h<\/strong>,<\/span><\/li><li><span style=\"color: #000000;\"><strong>7. razred &#8211; 10:30 h<\/strong>.<\/span><\/li><\/ul><p><span style=\"color: #000000;\">Na upis kandidati moraju do\u0107i <strong>s jednim od roditelja te popunjenim prijavnicama<\/strong> koje mo\u017eete podi\u0107i na pokrajnjim oltarima u crkvi ili preuzeti <em><u><a href=\"https:\/\/zupasvnikolakc.hr\/wp-content\/uploads\/2024\/09\/Prijavnica-za-sakramente.pdf\" target=\"_blank\" rel=\"noopener\">OVDJE<\/a>.<\/u><\/em><\/span><\/p><p><span style=\"color: #000000;\"><strong>Upis je obavezan za sve i nema naknadnih upisa. <\/strong><\/span><\/p><p><span style=\"color: #000000;\"><strong>Ispovijed za \u0161kolsku djecu<\/strong> od 4. do 8. razreda bit \u0107e u <strong>subotu 21.9.2024 u 11 h<\/strong>.<\/span><\/p><p><span style=\"color: #000000;\"><strong>Zaziv Duha Svetog<\/strong> bit \u0107e u <strong>nedjelju, 22.9.2024<\/strong>., na Svetoj misi u 11:00 h za djecu od 1. do 8. razreda, a za srednjo\u0161kolce na svetoj misi u 18:00 h.<\/span><\/p><p><a href=\"https:\/\/zupasvnikolakc.hr\/wp-content\/uploads\/2024\/09\/24.-N.K.G-LISTIC-2024.pdf\" target=\"_blank\" rel=\"noopener\"><span style=\"color: #ff0000;\">\u017dUPNI LISTI\u0106<\/span><\/a><\/p>\t\t\t\t\t\t\t\t<\/div>\n\t\t\t\t<\/div>\n\t\t\t\t\t<\/div>\n\t\t<\/div>\n\t\t\t\t\t<\/div>\n\t\t<\/section>\n\t\t\t\t<\/div>\n\t\t","protected":false},"excerpt":{"rendered":"<p>Dragi vjernici, Isus i nama danas postavlja isto pitanje kao neko\u0107 svojima apostolima: \u201eA vi, \u0161to vi ka\u017eete tko sam ja?\u201c. Ako bolje promislimo to pitanje za nas vjernike s jedne strane je te\u0161ko pitanje, ali s druge strane opet rekli bismo lako jer je ve\u0107 Petar dao odgovor umjesto svih nas: \u201eTi si Pomazanik [&hellip;]<\/p>\n","protected":false},"author":1,"featured_media":9401,"comment_status":"closed","ping_status":"closed","sticky":false,"template":"","format":"standard","meta":{"ocean_post_layout":"","ocean_both_sidebars_style":"","ocean_both_sidebars_content_width":0,"ocean_both_sidebars_sidebars_width":0,"ocean_sidebar":"","ocean_second_sidebar":"","ocean_disable_margins":"enable","ocean_add_body_class":"","ocean_shortcode_before_top_bar":"","ocean_shortcode_after_top_bar":"","ocean_shortcode_before_header":"","ocean_shortcode_after_header":"","ocean_has_shortcode":"","ocean_shortcode_after_title":"","ocean_shortcode_before_footer_widgets":"","ocean_shortcode_after_footer_widgets":"","ocean_shortcode_before_footer_bottom":"","ocean_shortcode_after_footer_bottom":"","ocean_display_top_bar":"default","ocean_display_header":"default","ocean_header_style":"","ocean_center_header_left_menu":"","ocean_custom_header_template":"","ocean_custom_logo":0,"ocean_custom_retina_logo":0,"ocean_custom_logo_max_width":0,"ocean_custom_logo_tablet_max_width":0,"ocean_custom_logo_mobile_max_width":0,"ocean_custom_logo_max_height":0,"ocean_custom_logo_tablet_max_height":0,"ocean_custom_logo_mobile_max_height":0,"ocean_header_custom_menu":"","ocean_menu_typo_font_family":"","ocean_menu_typo_font_subset":"","ocean_menu_typo_font_size":0,"ocean_menu_typo_font_size_tablet":0,"ocean_menu_typo_font_size_mobile":0,"ocean_menu_typo_font_size_unit":"px","ocean_menu_typo_font_weight":"","ocean_menu_typo_font_weight_tablet":"","ocean_menu_typo_font_weight_mobile":"","ocean_menu_typo_transform":"","ocean_menu_typo_transform_tablet":"","ocean_menu_typo_transform_mobile":"","ocean_menu_typo_line_height":0,"ocean_menu_typo_line_height_tablet":0,"ocean_menu_typo_line_height_mobile":0,"ocean_menu_typo_line_height_unit":"","ocean_menu_typo_spacing":0,"ocean_menu_typo_spacing_tablet":0,"ocean_menu_typo_spacing_mobile":0,"ocean_menu_typo_spacing_unit":"","ocean_menu_link_color":"","ocean_menu_link_color_hover":"","ocean_menu_link_color_active":"","ocean_menu_link_background":"","ocean_menu_link_hover_background":"","ocean_menu_link_active_background":"","ocean_menu_social_links_bg":"","ocean_menu_social_hover_links_bg":"","ocean_menu_social_links_color":"","ocean_menu_social_hover_links_color":"","ocean_disable_title":"default","ocean_disable_heading":"default","ocean_post_title":"","ocean_post_subheading":"","ocean_post_title_style":"","ocean_post_title_background_color":"","ocean_post_title_background":0,"ocean_post_title_bg_image_position":"","ocean_post_title_bg_image_attachment":"","ocean_post_title_bg_image_repeat":"","ocean_post_title_bg_image_size":"","ocean_post_title_height":0,"ocean_post_title_bg_overlay":0.5,"ocean_post_title_bg_overlay_color":"","ocean_disable_breadcrumbs":"default","ocean_breadcrumbs_color":"","ocean_breadcrumbs_separator_color":"","ocean_breadcrumbs_links_color":"","ocean_breadcrumbs_links_hover_color":"","ocean_display_footer_widgets":"default","ocean_display_footer_bottom":"default","ocean_custom_footer_template":"","ocean_post_oembed":"","ocean_post_self_hosted_media":"","ocean_post_video_embed":"","ocean_link_format":"","ocean_link_format_target":"self","ocean_quote_format":"","ocean_quote_format_link":"post","ocean_gallery_link_images":"on","ocean_gallery_id":[],"footnotes":""},"categories":[16],"tags":[],"class_list":["post-9400","post","type-post","status-publish","format-standard","has-post-thumbnail","hentry","category-vijesti","entry","has-media"],"views":678,"_links":{"self":[{"href":"https:\/\/zupasvnikolakc.hr\/index.php?rest_route=\/wp\/v2\/posts\/9400","targetHints":{"allow":["GET"]}}],"collection":[{"href":"https:\/\/zupasvnikolakc.hr\/index.php?rest_route=\/wp\/v2\/posts"}],"about":[{"href":"https:\/\/zupasvnikolakc.hr\/index.php?rest_route=\/wp\/v2\/types\/post"}],"author":[{"embeddable":true,"href":"https:\/\/zupasvnikolakc.hr\/index.php?rest_route=\/wp\/v2\/users\/1"}],"replies":[{"embeddable":true,"href":"https:\/\/zupasvnikolakc.hr\/index.php?rest_route=%2Fwp%2Fv2%2Fcomments&post=9400"}],"version-history":[{"count":7,"href":"https:\/\/zupasvnikolakc.hr\/index.php?rest_route=\/wp\/v2\/posts\/9400\/revisions"}],"predecessor-version":[{"id":9414,"href":"https:\/\/zupasvnikolakc.hr\/index.php?rest_route=\/wp\/v2\/posts\/9400\/revisions\/9414"}],"wp:featuredmedia":[{"embeddable":true,"href":"https:\/\/zupasvnikolakc.hr\/index.php?rest_route=\/wp\/v2\/media\/9401"}],"wp:attachment":[{"href":"https:\/\/zupasvnikolakc.hr\/index.php?rest_route=%2Fwp%2Fv2%2Fmedia&parent=9400"}],"wp:term":[{"taxonomy":"category","embeddable":true,"href":"https:\/\/zupasvnikolakc.hr\/index.php?rest_route=%2Fwp%2Fv2%2Fcategories&post=9400"},{"taxonomy":"post_tag","embeddable":true,"href":"https:\/\/zupasvnikolakc.hr\/index.php?rest_route=%2Fwp%2Fv2%2Ftags&post=9400"}],"curies":[{"name":"wp","href":"https:\/\/api.w.org\/{rel}","templated":true}]}}