{"id":9711,"date":"2024-11-23T19:00:00","date_gmt":"2024-11-23T18:00:00","guid":{"rendered":"https:\/\/zupasvnikolakc.hr\/?p=9711"},"modified":"2024-11-22T09:11:39","modified_gmt":"2024-11-22T08:11:39","slug":"34-nedjelja-kroz-godinu-krist-kralj-3","status":"publish","type":"post","link":"https:\/\/zupasvnikolakc.hr\/?p=9711","title":{"rendered":"34. nedjelja kroz godinu &#8211; Krist Kralj"},"content":{"rendered":"\t\t<div data-elementor-type=\"wp-post\" data-elementor-id=\"9711\" class=\"elementor elementor-9711\" data-elementor-post-type=\"post\">\n\t\t\t\t\t\t<section class=\"elementor-section elementor-top-section elementor-element elementor-element-57b4751 elementor-section-boxed elementor-section-height-default elementor-section-height-default\" data-id=\"57b4751\" data-element_type=\"section\" data-e-type=\"section\">\n\t\t\t\t\t\t<div class=\"elementor-container elementor-column-gap-default\">\n\t\t\t\t\t<div class=\"elementor-column elementor-col-100 elementor-top-column elementor-element elementor-element-21d8b72\" data-id=\"21d8b72\" data-element_type=\"column\" data-e-type=\"column\">\n\t\t\t<div class=\"elementor-widget-wrap elementor-element-populated\">\n\t\t\t\t\t\t<div class=\"elementor-element elementor-element-18c4fe3 elementor-widget elementor-widget-text-editor\" data-id=\"18c4fe3\" data-element_type=\"widget\" data-e-type=\"widget\" data-widget_type=\"text-editor.default\">\n\t\t\t\t<div class=\"elementor-widget-container\">\n\t\t\t\t\t\t\t\t\t<p><span style=\"color: #000000;\">Kruna liturgijske godine jest svetkovina Krista Kralja. Nakon \u0161to su nam liturgijska \u010ditanja u vremenu kroz godinu predstavljala razne faze Isusova \u017eivota, po\u010dev\u0161i od najave ro\u0111enja pa sve do smrti, dolazimo i do svetkovine u kojoj je Krist okrunjen kao kralj neba i zemlje. Ova svetkovina je zapravo kruna njegova \u017eivota. Ona je plod svega onoga \u0161to je Krist pro\u017eivio. Svatko se u svom \u017eivotu, ako malo razmi\u0161lja o njemu, nalazi svakodnevno pred izborom. Mnoge opcije dana\u0161njost nudi \u010dovjeku! Sve bez muke, kri\u017e ili bez njega, u\u017eivanje ili odricanje? I kako onda biti stalo\u017een i opredijeliti se za ono pravo? \u010cesto je jedina mogu\u0107nost u ljudskoj ograni\u010denosti upotrijebiti metodu poku\u0161aja i pogre\u0161aka, sve dok se ne pogodi ono najbolje. I to bi moglo trenutno zadovoljiti ovozemaljski \u010dovjekov odabir. No, vje\u010dni odabir je ipak ne\u0161to \u0161to nema ograni\u010den vijek trajanja, odnosno traje vje\u010dno. Tu zato ne bi smjelo biti proma\u0161aja! I dok u materijalnim dobrima mo\u017eemo vidjeti i osjetiti opcije biranja, \u010dak snositi i posljedice, za vje\u010dnost se treba opredijeliti prema <em>\u201evidljivom, ali i nevidljivom\u201c<\/em>, kako molimo u <em>\u201evjerovanju\u201c<\/em>, a o posljedicama mo\u017eemo naslu\u0107ivati. Tu nam jedino poma\u017ee ako se vjerom zagledamo u onoga kojeg nam je poslao Otac, u Isusa Krista, koji nas pun ljubavi ozbiljno upozorava na mogu\u0107e posljedice krive odluke. Za takvu se opciju \u010dovjek istinski jedino mo\u017ee opredijeliti, ako Isus uistinu bude moj Kralj, koji je mjerilo sveg mog govorenja, svih mojih \u010dina, cjelokupnog mog \u017eivotnog opredjeljenja, jer je vrijedan mog apsolutnog povjerenja! I tu je izvor na\u0161e nade kao i u onog razbojnika koji je u Isusu prepoznao svoj spas. Molimo ga stoga i mi: <em>Spomeni se i nas Isuse, Kralju na\u0161<\/em>. Mnogi oko Isusovog kri\u017ea imali su mogu\u0107nost biranja, a kako su izabrali? I nama se neprestano nudi izbor s Isusom ili bez njega, sami izabiremo!<\/span><\/p><p><span style=\"color: #000000;\"><em>Tomislav Petri\u0107, \u017eupnik<\/em><\/span><\/p>\t\t\t\t\t\t\t\t<\/div>\n\t\t\t\t<\/div>\n\t\t\t\t<div class=\"elementor-element elementor-element-a6cb4d2 elementor-widget elementor-widget-text-editor\" data-id=\"a6cb4d2\" data-element_type=\"widget\" data-e-type=\"widget\" data-widget_type=\"text-editor.default\">\n\t\t\t\t<div class=\"elementor-widget-container\">\n\t\t\t\t\t\t\t\t\t<p><span style=\"color: #ff0000;\"><strong>\u017dUPNE OBAVIJESTI<\/strong><\/span><\/p><p><span style=\"color: #000000;\"><strong>VJERONAUK:<\/strong><\/span><\/p><ul><li><span style=\"color: #000000;\">krizmanici &#8211; subota (30.11.2024.) u 9 h<\/span><\/li><li><span style=\"color: #000000;\">prvopri\u010desnici &#8211; subota (30.11.2024.) u 10<\/span><\/li><\/ul><p><span style=\"color: #000000;\"><strong>SUSRET MINISTRANATA:<\/strong><\/span><\/p><ul><li><span style=\"color: #000000;\">subota (30.11.2024.) u 11<\/span><\/li><\/ul><p><span style=\"color: #000000;\"><strong>VJEN\u010cANJE:<\/strong><\/span><\/p><ul><li><span style=\"color: #000000;\">Mi\u0161el Ivan\u010din i Ana-Marija Lovrekovi\u0107 &#8211; subota (30.11.2024.) u 16 h<\/span><\/li><\/ul><p><span style=\"color: #000000;\"><strong>KR\u0160TENJE:<\/strong><\/span><\/p><ul><li><span style=\"color: #000000;\">Sofija Golubi\u0107, Ljupka Raki\u0107 i Roza Bakra\u010d &#8211; subota (30.11.2024.) u 12 h<\/span><\/li><li><span style=\"color: #000000;\">Hana Horvat &#8211; subota (30.11.2024.) u 17 h<\/span><\/li><\/ul><p><a href=\"https:\/\/zupasvnikolakc.hr\/wp-content\/uploads\/2024\/11\/34.-N.K.G.-KRIST-KRALJ-2024.pdf\" target=\"_blank\" rel=\"noopener\"><span style=\"color: #ff0000;\">\u017dUPNI LISTI\u0106<\/span><\/a><\/p>\t\t\t\t\t\t\t\t<\/div>\n\t\t\t\t<\/div>\n\t\t\t\t<div class=\"elementor-element elementor-element-5e2f206 elementor-widget elementor-widget-text-editor\" data-id=\"5e2f206\" data-element_type=\"widget\" data-e-type=\"widget\" data-widget_type=\"text-editor.default\">\n\t\t\t\t<div class=\"elementor-widget-container\">\n\t\t\t\t\t\t\t\t\t<p><span style=\"color: #000000;\"><strong>DAROVATELJI ZA POTREBE CRKVE<\/strong><\/span><\/p><ol><li><span style=\"color: #000000;\">Obit. Vargantoli\u0107, \u0110. Basari\u010deka 23A<\/span><\/li><li><span style=\"color: #000000;\">Obit. \u0160imunic, M. Krle\u017ee 67 B<\/span><\/li><li><span style=\"color: #000000;\">Obit. \u017delimorski, Gibani\u010dna 7<\/span><\/li><li><span style=\"color: #000000;\">Obit. Picig, M. Viriusa 15<\/span><\/li><li><span style=\"color: #000000;\">Obit. Vazdar, K. Zrinski 19 A<\/span><\/li><li><span style=\"color: #000000;\">Obit. Ku\u010dak, T. Ujevi\u0107a 102<\/span><\/li><li><span style=\"color: #000000;\">Obit. Borozan, Molve<\/span><\/li><li><span style=\"color: #000000;\">Obit. Matotan, \u010carda 17 B<\/span><\/li><li><span style=\"color: #000000;\">Josip Fer\u010dec, Peteranska c 44 A<\/span><\/li><li><span style=\"color: #000000;\">Veronika Petri\u010devi\u0107, Trg Podrav. heroja 2<\/span><\/li><li><span style=\"color: #000000;\">Josipa Oberan, Trg kr. Tomislava 9<\/span><\/li><li><span style=\"color: #000000;\">Ana Kompes, \u0160poljarska 12<\/span><\/li><li><span style=\"color: #000000;\">Josip Halavuk, Vije\u0107ni\u010dka 7A<\/span><\/li><li><span style=\"color: #000000;\">Obit. Tkalec &#8211; Horvat, M. Viriusa 44<\/span><\/li><li><span style=\"color: #000000;\">Obit. Martinaga, M. P. Mi\u0161kine 28<\/span><\/li><li><span style=\"color: #000000;\">Obit. \u0160vabek, M. P. Mi\u0161kine 31<\/span><\/li><li><span style=\"color: #000000;\">Obit. Baran, Br. Radi\u0107 97<\/span><\/li><li><span style=\"color: #000000;\">Obit. Alojzija Gregura, Miklinovec 111<\/span><\/li><li><span style=\"color: #000000;\">Obit. Pavli\u0161a, Trg Zl. Bartl 14<\/span><\/li><li><span style=\"color: #000000;\">Obit. Damjanovi\u0107, Trg Podrav. heroja 5<\/span><\/li><li><span style=\"color: #000000;\">Obit. \u0160alamon, F. Ga\u017eija 12 A<\/span><\/li><li><span style=\"color: #000000;\">Obit. \u0160kvorc, D. Banovec 43<\/span><\/li><li><span style=\"color: #000000;\">Zvjezdana Horvat, F. Galovi\u0107a 16 B<\/span><\/li><li><span style=\"color: #000000;\">Dar jedne osobe<\/span><\/li><li><span style=\"color: #000000;\">Obit. Kne\u017eevi\u0107, Trg kr. Tomislava 7<\/span><\/li><li><span style=\"color: #000000;\">Obit. Crnkovi\u0107, Trg kr. Tomislava 3<\/span><\/li><li><span style=\"color: #000000;\">Bernarda Lon\u010dar, Hrv. branitelja 20<\/span><\/li><li><span style=\"color: #000000;\">Jasenka Damjanovi\u0107, Trg Podrav. heroja 5<\/span><\/li><li><span style=\"color: #000000;\">Dar jedne osobe<\/span><\/li><li><span style=\"color: #000000;\">Obit. Kelek, M. P. Mi\u0161kine 52 A<\/span><\/li><li><span style=\"color: #000000;\">Domenika Lon\u010dar, Koprivni\u010dka 6B, K. Ivanec<\/span><\/li><li><span style=\"color: #000000;\">Obit. Franjo, G. Banovec 12<\/span><\/li><li><span style=\"color: #000000;\">Vikica Aci\u0107, Hrv. dr\u017eavnosti 11<\/span><\/li><li><span style=\"color: #000000;\">Kre\u0161imir Krznari\u0107, Br. Wolf 3<\/span><\/li><li><span style=\"color: #000000;\">Obit. Ivandi\u0107, A. Star\u010devi\u0107a 24 A<\/span><\/li><li><span style=\"color: #000000;\">Katica Vrbo\u0161i\u0107, I. Me\u0161trovi\u0107a 28<\/span><\/li><li><span style=\"color: #000000;\">Anica Saboli\u0107, Trg Podrav. heroja 2<\/span><\/li><li><span style=\"color: #000000;\">Obit. \u0160alekovi\u0107, F. Mraza 25<\/span><\/li><li><span style=\"color: #000000;\">Dar jedne osobe<\/span><\/li><li><span style=\"color: #000000;\">Obit. Pavlek, D. Banovec 12<\/span><\/li><li><span style=\"color: #000000;\">Josip Tomi\u0161a, Severovec 8<\/span><\/li><li><span style=\"color: #000000;\">Dar jedne osobe<\/span><\/li><li><span style=\"color: #000000;\">Obit. Kobor, Br. Radi\u0107 77<\/span><\/li><li><span style=\"color: #000000;\">Dar jedne osobe<\/span><\/li><li><span style=\"color: #000000;\">Obit. Kupec, Oru\u017eanska 6<\/span><\/li><li><span style=\"color: #000000;\">Obit. O\u017eegovi\u0107, Gibani\u010dna 7<\/span><\/li><li><span style=\"color: #000000;\">Obit. Furdin, Duga ul. 28<\/span><\/li><li><span style=\"color: #000000;\">Obit. \u0160imuni\u0107, \u010carda 39<\/span><\/li><li><span style=\"color: #000000;\">Obit. Opa\u010dak, Trg kr. Tomislava 12<\/span><\/li><li><span style=\"color: #000000;\">Bernarda Porkolab, M. Krle\u017ee 38<\/span><\/li><li><span style=\"color: #000000;\">Obit. Strelec, Ivanjska 10<\/span><\/li><li><span style=\"color: #000000;\">Obit. Mihotek, F. Galovi\u0107a 6<\/span><\/li><li><span style=\"color: #000000;\">Vjekoslava Kukec, M. P. Mi\u0161kine 60 A<\/span><\/li><li><span style=\"color: #000000;\">Obit. Lon\u010dari\u0107, Marofska 2 B, Here\u0161in<\/span><\/li><li><span style=\"color: #000000;\">\u0160tovatelji Majke Bo\u017eje \u017dalosne &#8211; Grantule<\/span><\/li><li><span style=\"color: #000000;\">Ljiljana Juki\u0107, Vije\u0107ni\u010dka 1<\/span><\/li><li><span style=\"color: #000000;\">Obit. Sever, F. Galovi\u0107a 43<\/span><\/li><\/ol>\t\t\t\t\t\t\t\t<\/div>\n\t\t\t\t<\/div>\n\t\t\t\t\t<\/div>\n\t\t<\/div>\n\t\t\t\t\t<\/div>\n\t\t<\/section>\n\t\t\t\t<\/div>\n\t\t","protected":false},"excerpt":{"rendered":"<p>Kruna liturgijske godine jest svetkovina Krista Kralja. Nakon \u0161to su nam liturgijska \u010ditanja u vremenu kroz godinu predstavljala razne faze Isusova \u017eivota, po\u010dev\u0161i od najave ro\u0111enja pa sve do smrti, dolazimo i do svetkovine u kojoj je Krist okrunjen kao kralj neba i zemlje. Ova svetkovina je zapravo kruna njegova \u017eivota. Ona je plod svega [&hellip;]<\/p>\n","protected":false},"author":1,"featured_media":9707,"comment_status":"closed","ping_status":"closed","sticky":false,"template":"","format":"standard","meta":{"ocean_post_layout":"","ocean_both_sidebars_style":"","ocean_both_sidebars_content_width":0,"ocean_both_sidebars_sidebars_width":0,"ocean_sidebar":"","ocean_second_sidebar":"","ocean_disable_margins":"enable","ocean_add_body_class":"","ocean_shortcode_before_top_bar":"","ocean_shortcode_after_top_bar":"","ocean_shortcode_before_header":"","ocean_shortcode_after_header":"","ocean_has_shortcode":"","ocean_shortcode_after_title":"","ocean_shortcode_before_footer_widgets":"","ocean_shortcode_after_footer_widgets":"","ocean_shortcode_before_footer_bottom":"","ocean_shortcode_after_footer_bottom":"","ocean_display_top_bar":"default","ocean_display_header":"default","ocean_header_style":"","ocean_center_header_left_menu":"","ocean_custom_header_template":"","ocean_custom_logo":0,"ocean_custom_retina_logo":0,"ocean_custom_logo_max_width":0,"ocean_custom_logo_tablet_max_width":0,"ocean_custom_logo_mobile_max_width":0,"ocean_custom_logo_max_height":0,"ocean_custom_logo_tablet_max_height":0,"ocean_custom_logo_mobile_max_height":0,"ocean_header_custom_menu":"","ocean_menu_typo_font_family":"","ocean_menu_typo_font_subset":"","ocean_menu_typo_font_size":0,"ocean_menu_typo_font_size_tablet":0,"ocean_menu_typo_font_size_mobile":0,"ocean_menu_typo_font_size_unit":"px","ocean_menu_typo_font_weight":"","ocean_menu_typo_font_weight_tablet":"","ocean_menu_typo_font_weight_mobile":"","ocean_menu_typo_transform":"","ocean_menu_typo_transform_tablet":"","ocean_menu_typo_transform_mobile":"","ocean_menu_typo_line_height":0,"ocean_menu_typo_line_height_tablet":0,"ocean_menu_typo_line_height_mobile":0,"ocean_menu_typo_line_height_unit":"","ocean_menu_typo_spacing":0,"ocean_menu_typo_spacing_tablet":0,"ocean_menu_typo_spacing_mobile":0,"ocean_menu_typo_spacing_unit":"","ocean_menu_link_color":"","ocean_menu_link_color_hover":"","ocean_menu_link_color_active":"","ocean_menu_link_background":"","ocean_menu_link_hover_background":"","ocean_menu_link_active_background":"","ocean_menu_social_links_bg":"","ocean_menu_social_hover_links_bg":"","ocean_menu_social_links_color":"","ocean_menu_social_hover_links_color":"","ocean_disable_title":"default","ocean_disable_heading":"default","ocean_post_title":"","ocean_post_subheading":"","ocean_post_title_style":"","ocean_post_title_background_color":"","ocean_post_title_background":0,"ocean_post_title_bg_image_position":"","ocean_post_title_bg_image_attachment":"","ocean_post_title_bg_image_repeat":"","ocean_post_title_bg_image_size":"","ocean_post_title_height":0,"ocean_post_title_bg_overlay":0.5,"ocean_post_title_bg_overlay_color":"","ocean_disable_breadcrumbs":"default","ocean_breadcrumbs_color":"","ocean_breadcrumbs_separator_color":"","ocean_breadcrumbs_links_color":"","ocean_breadcrumbs_links_hover_color":"","ocean_display_footer_widgets":"default","ocean_display_footer_bottom":"default","ocean_custom_footer_template":"","ocean_post_oembed":"","ocean_post_self_hosted_media":"","ocean_post_video_embed":"","ocean_link_format":"","ocean_link_format_target":"self","ocean_quote_format":"","ocean_quote_format_link":"post","ocean_gallery_link_images":"on","ocean_gallery_id":[],"footnotes":""},"categories":[16],"tags":[],"class_list":["post-9711","post","type-post","status-publish","format-standard","has-post-thumbnail","hentry","category-vijesti","entry","has-media"],"views":677,"_links":{"self":[{"href":"https:\/\/zupasvnikolakc.hr\/index.php?rest_route=\/wp\/v2\/posts\/9711","targetHints":{"allow":["GET"]}}],"collection":[{"href":"https:\/\/zupasvnikolakc.hr\/index.php?rest_route=\/wp\/v2\/posts"}],"about":[{"href":"https:\/\/zupasvnikolakc.hr\/index.php?rest_route=\/wp\/v2\/types\/post"}],"author":[{"embeddable":true,"href":"https:\/\/zupasvnikolakc.hr\/index.php?rest_route=\/wp\/v2\/users\/1"}],"replies":[{"embeddable":true,"href":"https:\/\/zupasvnikolakc.hr\/index.php?rest_route=%2Fwp%2Fv2%2Fcomments&post=9711"}],"version-history":[{"count":4,"href":"https:\/\/zupasvnikolakc.hr\/index.php?rest_route=\/wp\/v2\/posts\/9711\/revisions"}],"predecessor-version":[{"id":9715,"href":"https:\/\/zupasvnikolakc.hr\/index.php?rest_route=\/wp\/v2\/posts\/9711\/revisions\/9715"}],"wp:featuredmedia":[{"embeddable":true,"href":"https:\/\/zupasvnikolakc.hr\/index.php?rest_route=\/wp\/v2\/media\/9707"}],"wp:attachment":[{"href":"https:\/\/zupasvnikolakc.hr\/index.php?rest_route=%2Fwp%2Fv2%2Fmedia&parent=9711"}],"wp:term":[{"taxonomy":"category","embeddable":true,"href":"https:\/\/zupasvnikolakc.hr\/index.php?rest_route=%2Fwp%2Fv2%2Fcategories&post=9711"},{"taxonomy":"post_tag","embeddable":true,"href":"https:\/\/zupasvnikolakc.hr\/index.php?rest_route=%2Fwp%2Fv2%2Ftags&post=9711"}],"curies":[{"name":"wp","href":"https:\/\/api.w.org\/{rel}","templated":true}]}}