{"id":9738,"date":"2024-11-30T21:28:29","date_gmt":"2024-11-30T20:28:29","guid":{"rendered":"https:\/\/zupasvnikolakc.hr\/?p=9738"},"modified":"2024-11-30T21:37:32","modified_gmt":"2024-11-30T20:37:32","slug":"blagoslov-adventskog-vijenca-2","status":"publish","type":"post","link":"https:\/\/zupasvnikolakc.hr\/?p=9738","title":{"rendered":"Blagoslov adventskog vijenca"},"content":{"rendered":"\t\t<div data-elementor-type=\"wp-post\" data-elementor-id=\"9738\" class=\"elementor elementor-9738\" data-elementor-post-type=\"post\">\n\t\t\t\t\t\t<section class=\"elementor-section elementor-top-section elementor-element elementor-element-adc561a elementor-section-boxed elementor-section-height-default elementor-section-height-default\" data-id=\"adc561a\" data-element_type=\"section\" data-e-type=\"section\">\n\t\t\t\t\t\t<div class=\"elementor-container elementor-column-gap-default\">\n\t\t\t\t\t<div class=\"elementor-column elementor-col-100 elementor-top-column elementor-element elementor-element-1ebfc90\" data-id=\"1ebfc90\" data-element_type=\"column\" data-e-type=\"column\">\n\t\t\t<div class=\"elementor-widget-wrap elementor-element-populated\">\n\t\t\t\t\t\t<div class=\"elementor-element elementor-element-85b44f3 elementor-widget elementor-widget-text-editor\" data-id=\"85b44f3\" data-element_type=\"widget\" data-e-type=\"widget\" data-widget_type=\"text-editor.default\">\n\t\t\t\t<div class=\"elementor-widget-container\">\n\t\t\t\t\t\t\t\t\t<p><span style=\"color: #000000;\">U subotu, uo\u010di prve nedjelje do\u0161a\u0161\u0107a, nakon ve\u010dernje svete mise na\u0161 \u017eupnik Tomislav, uz asistenciju trajnog \u0111akona Miljenka, blagoslovio je adventski vijenac u \u017eupnom dvori\u0161tu. <\/span><\/p><p><span style=\"color: #000000;\">Na blagoslovu su se okupili i brojni vjernici koji su ponijeli i svoje adventske vjen\u010di\u0107e na blagoslov. \u017dupnik Tomislav je u molitvi blagoslova za\u017eelio prisutnim vjernicima plodno do\u0161a\u0161\u0107e u koje ulazimo, a koje nam je darovano kao novo milosno vrijeme od Gospodina. Vrijeme je to koje nam Gospodin i ove godine pru\u017ea kao priliku da ga iskoristimo za svoje vjerni\u010dko obra\u0107enje i svjedo\u010denje kr\u0161\u0107anskog poslanja koje smo po svome kr\u0161tenju primili.<\/span><\/p><p><div id='gallery-1' class='gallery galleryid-9738 gallery-columns-3 gallery-size-full'><figure class='gallery-item'>\n\t\t\t<div class='gallery-icon landscape'>\n\t\t\t\t<a href='https:\/\/zupasvnikolakc.hr\/wp-content\/uploads\/2024\/11\/Blagoslov-01.jpg'><img fetchpriority=\"high\" decoding=\"async\" width=\"1000\" height=\"750\" src=\"https:\/\/zupasvnikolakc.hr\/wp-content\/uploads\/2024\/11\/Blagoslov-01.jpg\" class=\"attachment-full size-full\" alt=\"\" srcset=\"https:\/\/zupasvnikolakc.hr\/wp-content\/uploads\/2024\/11\/Blagoslov-01.jpg 1000w, https:\/\/zupasvnikolakc.hr\/wp-content\/uploads\/2024\/11\/Blagoslov-01-300x225.jpg 300w, https:\/\/zupasvnikolakc.hr\/wp-content\/uploads\/2024\/11\/Blagoslov-01-768x576.jpg 768w\" sizes=\"(max-width: 1000px) 100vw, 1000px\" \/><\/a>\n\t\t\t<\/div><\/figure><figure class='gallery-item'>\n\t\t\t<div class='gallery-icon landscape'>\n\t\t\t\t<a href='https:\/\/zupasvnikolakc.hr\/wp-content\/uploads\/2024\/11\/Blagoslov-02.jpg'><img decoding=\"async\" width=\"1000\" height=\"750\" src=\"https:\/\/zupasvnikolakc.hr\/wp-content\/uploads\/2024\/11\/Blagoslov-02.jpg\" class=\"attachment-full size-full\" alt=\"\" srcset=\"https:\/\/zupasvnikolakc.hr\/wp-content\/uploads\/2024\/11\/Blagoslov-02.jpg 1000w, https:\/\/zupasvnikolakc.hr\/wp-content\/uploads\/2024\/11\/Blagoslov-02-300x225.jpg 300w, https:\/\/zupasvnikolakc.hr\/wp-content\/uploads\/2024\/11\/Blagoslov-02-768x576.jpg 768w\" sizes=\"(max-width: 1000px) 100vw, 1000px\" \/><\/a>\n\t\t\t<\/div><\/figure><figure class='gallery-item'>\n\t\t\t<div class='gallery-icon landscape'>\n\t\t\t\t<a href='https:\/\/zupasvnikolakc.hr\/wp-content\/uploads\/2024\/11\/Blagoslov-03.jpg'><img decoding=\"async\" width=\"1000\" height=\"750\" src=\"https:\/\/zupasvnikolakc.hr\/wp-content\/uploads\/2024\/11\/Blagoslov-03.jpg\" class=\"attachment-full size-full\" alt=\"\" srcset=\"https:\/\/zupasvnikolakc.hr\/wp-content\/uploads\/2024\/11\/Blagoslov-03.jpg 1000w, https:\/\/zupasvnikolakc.hr\/wp-content\/uploads\/2024\/11\/Blagoslov-03-300x225.jpg 300w, https:\/\/zupasvnikolakc.hr\/wp-content\/uploads\/2024\/11\/Blagoslov-03-768x576.jpg 768w\" sizes=\"(max-width: 1000px) 100vw, 1000px\" \/><\/a>\n\t\t\t<\/div><\/figure><figure class='gallery-item'>\n\t\t\t<div class='gallery-icon landscape'>\n\t\t\t\t<a href='https:\/\/zupasvnikolakc.hr\/wp-content\/uploads\/2024\/11\/Blagoslov-04.jpg'><img loading=\"lazy\" decoding=\"async\" width=\"1000\" height=\"750\" src=\"https:\/\/zupasvnikolakc.hr\/wp-content\/uploads\/2024\/11\/Blagoslov-04.jpg\" class=\"attachment-full size-full\" alt=\"\" srcset=\"https:\/\/zupasvnikolakc.hr\/wp-content\/uploads\/2024\/11\/Blagoslov-04.jpg 1000w, https:\/\/zupasvnikolakc.hr\/wp-content\/uploads\/2024\/11\/Blagoslov-04-300x225.jpg 300w, https:\/\/zupasvnikolakc.hr\/wp-content\/uploads\/2024\/11\/Blagoslov-04-768x576.jpg 768w\" sizes=\"(max-width: 1000px) 100vw, 1000px\" \/><\/a>\n\t\t\t<\/div><\/figure><figure class='gallery-item'>\n\t\t\t<div class='gallery-icon landscape'>\n\t\t\t\t<a href='https:\/\/zupasvnikolakc.hr\/wp-content\/uploads\/2024\/11\/Blagoslov-05-1.jpg'><img loading=\"lazy\" decoding=\"async\" width=\"1000\" height=\"750\" src=\"https:\/\/zupasvnikolakc.hr\/wp-content\/uploads\/2024\/11\/Blagoslov-05-1.jpg\" class=\"attachment-full size-full\" alt=\"\" srcset=\"https:\/\/zupasvnikolakc.hr\/wp-content\/uploads\/2024\/11\/Blagoslov-05-1.jpg 1000w, https:\/\/zupasvnikolakc.hr\/wp-content\/uploads\/2024\/11\/Blagoslov-05-1-300x225.jpg 300w, https:\/\/zupasvnikolakc.hr\/wp-content\/uploads\/2024\/11\/Blagoslov-05-1-768x576.jpg 768w\" sizes=\"(max-width: 1000px) 100vw, 1000px\" \/><\/a>\n\t\t\t<\/div><\/figure>\n\t\t<\/div>\n<\/p>\t\t\t\t\t\t\t\t<\/div>\n\t\t\t\t<\/div>\n\t\t\t\t\t<\/div>\n\t\t<\/div>\n\t\t\t\t\t<\/div>\n\t\t<\/section>\n\t\t\t\t<\/div>\n\t\t","protected":false},"excerpt":{"rendered":"<p>U subotu, uo\u010di prve nedjelje do\u0161a\u0161\u0107a, nakon ve\u010dernje svete mise na\u0161 \u017eupnik Tomislav, uz asistenciju trajnog \u0111akona Miljenka, blagoslovio je adventski vijenac u \u017eupnom dvori\u0161tu. Na blagoslovu su se okupili i brojni vjernici koji su ponijeli i svoje adventske vjen\u010di\u0107e na blagoslov. \u017dupnik Tomislav je u molitvi blagoslova za\u017eelio prisutnim vjernicima plodno do\u0161a\u0161\u0107e u koje [&hellip;]<\/p>\n","protected":false},"author":1,"featured_media":9739,"comment_status":"closed","ping_status":"closed","sticky":false,"template":"","format":"standard","meta":{"ocean_post_layout":"","ocean_both_sidebars_style":"","ocean_both_sidebars_content_width":0,"ocean_both_sidebars_sidebars_width":0,"ocean_sidebar":"","ocean_second_sidebar":"","ocean_disable_margins":"enable","ocean_add_body_class":"","ocean_shortcode_before_top_bar":"","ocean_shortcode_after_top_bar":"","ocean_shortcode_before_header":"","ocean_shortcode_after_header":"","ocean_has_shortcode":"","ocean_shortcode_after_title":"","ocean_shortcode_before_footer_widgets":"","ocean_shortcode_after_footer_widgets":"","ocean_shortcode_before_footer_bottom":"","ocean_shortcode_after_footer_bottom":"","ocean_display_top_bar":"default","ocean_display_header":"default","ocean_header_style":"","ocean_center_header_left_menu":"","ocean_custom_header_template":"","ocean_custom_logo":0,"ocean_custom_retina_logo":0,"ocean_custom_logo_max_width":0,"ocean_custom_logo_tablet_max_width":0,"ocean_custom_logo_mobile_max_width":0,"ocean_custom_logo_max_height":0,"ocean_custom_logo_tablet_max_height":0,"ocean_custom_logo_mobile_max_height":0,"ocean_header_custom_menu":"","ocean_menu_typo_font_family":"","ocean_menu_typo_font_subset":"","ocean_menu_typo_font_size":0,"ocean_menu_typo_font_size_tablet":0,"ocean_menu_typo_font_size_mobile":0,"ocean_menu_typo_font_size_unit":"px","ocean_menu_typo_font_weight":"","ocean_menu_typo_font_weight_tablet":"","ocean_menu_typo_font_weight_mobile":"","ocean_menu_typo_transform":"","ocean_menu_typo_transform_tablet":"","ocean_menu_typo_transform_mobile":"","ocean_menu_typo_line_height":0,"ocean_menu_typo_line_height_tablet":0,"ocean_menu_typo_line_height_mobile":0,"ocean_menu_typo_line_height_unit":"","ocean_menu_typo_spacing":0,"ocean_menu_typo_spacing_tablet":0,"ocean_menu_typo_spacing_mobile":0,"ocean_menu_typo_spacing_unit":"","ocean_menu_link_color":"","ocean_menu_link_color_hover":"","ocean_menu_link_color_active":"","ocean_menu_link_background":"","ocean_menu_link_hover_background":"","ocean_menu_link_active_background":"","ocean_menu_social_links_bg":"","ocean_menu_social_hover_links_bg":"","ocean_menu_social_links_color":"","ocean_menu_social_hover_links_color":"","ocean_disable_title":"default","ocean_disable_heading":"default","ocean_post_title":"","ocean_post_subheading":"","ocean_post_title_style":"","ocean_post_title_background_color":"","ocean_post_title_background":0,"ocean_post_title_bg_image_position":"","ocean_post_title_bg_image_attachment":"","ocean_post_title_bg_image_repeat":"","ocean_post_title_bg_image_size":"","ocean_post_title_height":0,"ocean_post_title_bg_overlay":0.5,"ocean_post_title_bg_overlay_color":"","ocean_disable_breadcrumbs":"default","ocean_breadcrumbs_color":"","ocean_breadcrumbs_separator_color":"","ocean_breadcrumbs_links_color":"","ocean_breadcrumbs_links_hover_color":"","ocean_display_footer_widgets":"default","ocean_display_footer_bottom":"default","ocean_custom_footer_template":"","ocean_post_oembed":"","ocean_post_self_hosted_media":"","ocean_post_video_embed":"","ocean_link_format":"","ocean_link_format_target":"self","ocean_quote_format":"","ocean_quote_format_link":"post","ocean_gallery_link_images":"on","ocean_gallery_id":[],"footnotes":""},"categories":[16],"tags":[],"class_list":["post-9738","post","type-post","status-publish","format-standard","has-post-thumbnail","hentry","category-vijesti","entry","has-media"],"views":491,"_links":{"self":[{"href":"https:\/\/zupasvnikolakc.hr\/index.php?rest_route=\/wp\/v2\/posts\/9738","targetHints":{"allow":["GET"]}}],"collection":[{"href":"https:\/\/zupasvnikolakc.hr\/index.php?rest_route=\/wp\/v2\/posts"}],"about":[{"href":"https:\/\/zupasvnikolakc.hr\/index.php?rest_route=\/wp\/v2\/types\/post"}],"author":[{"embeddable":true,"href":"https:\/\/zupasvnikolakc.hr\/index.php?rest_route=\/wp\/v2\/users\/1"}],"replies":[{"embeddable":true,"href":"https:\/\/zupasvnikolakc.hr\/index.php?rest_route=%2Fwp%2Fv2%2Fcomments&post=9738"}],"version-history":[{"count":10,"href":"https:\/\/zupasvnikolakc.hr\/index.php?rest_route=\/wp\/v2\/posts\/9738\/revisions"}],"predecessor-version":[{"id":9760,"href":"https:\/\/zupasvnikolakc.hr\/index.php?rest_route=\/wp\/v2\/posts\/9738\/revisions\/9760"}],"wp:featuredmedia":[{"embeddable":true,"href":"https:\/\/zupasvnikolakc.hr\/index.php?rest_route=\/wp\/v2\/media\/9739"}],"wp:attachment":[{"href":"https:\/\/zupasvnikolakc.hr\/index.php?rest_route=%2Fwp%2Fv2%2Fmedia&parent=9738"}],"wp:term":[{"taxonomy":"category","embeddable":true,"href":"https:\/\/zupasvnikolakc.hr\/index.php?rest_route=%2Fwp%2Fv2%2Fcategories&post=9738"},{"taxonomy":"post_tag","embeddable":true,"href":"https:\/\/zupasvnikolakc.hr\/index.php?rest_route=%2Fwp%2Fv2%2Ftags&post=9738"}],"curies":[{"name":"wp","href":"https:\/\/api.w.org\/{rel}","templated":true}]}}